{"id":41707,"date":"2019-03-13T09:57:16","date_gmt":"2019-03-13T12:57:16","guid":{"rendered":"https:\/\/www.actualidadadiario.com\/?p=41707"},"modified":"2019-05-06T20:52:24","modified_gmt":"2019-05-06T23:52:24","slug":"llegaron-las-urnas-a-la-secretaria-electoral","status":"publish","type":"post","link":"https:\/\/www.actualidadadiario.com\/index.php\/2019\/03\/13\/llegaron-las-urnas-a-la-secretaria-electoral\/","title":{"rendered":"Llegaron las urnas a la Secretar\u00eda Electoral"},"content":{"rendered":"\n<p><strong><em>El calendario electoral avanza en la provincia y todo est\u00e1 en marcha para las elecciones primarias, abiertas, simult\u00e1neas y obligatorias del 14 de abril<\/em><\/strong><\/p>\n\n\n\n<p><\/p>\n\n\n\n<p><\/p>\n\n\n\n<p>En las \u00faltimas horas llegaron a la Secretar\u00eda Electoral de\nEntre R\u00edos las urnas que se utilizar\u00e1n para los comicios. Aunque admiten que\nhubo \u201cun poco de retraso\u201d, adem\u00e1s de las urnas, lleg\u00f3 \u201cfolleter\u00eda y utiler\u00eda\u201d,\ninform\u00f3 Gustavo Carossini. \u201cEste martes ya comenzaremos con el trabajo de\nrotulaci\u00f3n de urnas, sobres y a armar todo lo que se necesitar\u00e1 en las mesas\npara la elecci\u00f3n\u201d, adelant\u00f3.<\/p>\n\n\n\n<p>Unas 20 personas trabajaron este lunes en la recepci\u00f3n de\ntodo el material. \u201cEstamos recibiendo todo el material, con un poquito de\natraso, as\u00ed que estamos todos a full. No tenemos horario\u201d, aseguro Carossini. <\/p>\n\n\n\n<p>Adelant\u00f3 adem\u00e1s que este martes \u201cse empieza ya a trabajar\npara rotular y hacer todo el trabajo. Comenzaremos a rotular urnas, sobres y a\narmar el material para las mesas para la elecci\u00f3n\u201d. Asimismo, apunt\u00f3 que \u201cpara\ncada elecci\u00f3n se comienza todo de cero. Se hace toda la elecci\u00f3n completa, no\nse puede obviar ning\u00fan paso\u201d.<\/p>\n\n\n\n<p>\u201cEsto es un proceso que dura todo el a\u00f1o, se trabaja en\npadrones, se van actualizando. Se incorporaron m\u00e1s mesas\u201d, acot\u00f3.<\/p>\n\n\n\n<p><strong>M\u00e1s de un mill\u00f3n de\nentrerrianos habilitados<\/strong><\/p>\n\n\n\n<p>Seg\u00fan datos del Tribunal Electoral provincial, en las\nprimarias, abiertas, simult\u00e1neas y obligatorias el n\u00famero de electores\nhabilitados a participar es de 1.080.298.<\/p>\n\n\n\n<p>De ese total, 302.537, es decir el 30%, est\u00e1 en el\nDepartamento Paran\u00e1 (considerando ciudad de Paran\u00e1 y Paran\u00e1 Campa\u00f1a) y un 15%\n(141.226) habita el Departamento Concordia. En cantidad de electores\nhabilitados, siguen Gualeguaych\u00fa (96.740), Uruguay (86.860), Federaci\u00f3n\n(59.663), La Paz (57.698) y Col\u00f3n (55.624).<\/p>\n\n\n\n<p>Un dato significativo que muestra el informe del Tribunal\nElectoral es que el circuito electoral Paracao (en la zona sur de la ciudad de\nParan\u00e1) no s\u00f3lo es el m\u00e1s importante con 24.421 electores, sino que incluso\nsupera a los votantes habilitados de todo Federal (23.036) y tiene un peso\nelectoral que supera a la suma de los departamentos Islas (11.426) y Feliciano\n(12.764).<\/p>\n","protected":false},"excerpt":{"rendered":"<p>El calendario electoral avanza en la provincia y todo est\u00e1 en marcha para las elecciones primarias, abiertas, simult\u00e1neas y obligatorias del 14 de abril En las \u00faltimas horas llegaron a la Secretar\u00eda Electoral de Entre R\u00edos las urnas que se utilizar\u00e1n para los comicios. Aunque admiten que hubo \u201cun poco de retraso\u201d, adem\u00e1s de las urnas, lleg\u00f3 \u201cfolleter\u00eda y utiler\u00eda\u201d, inform\u00f3 Gustavo Carossini. \u201cEste martes ya comenzaremos con el trabajo de rotulaci\u00f3n de urnas, sobres y a armar todo lo que se necesitar\u00e1 en las mesas para la elecci\u00f3n\u201d, adelant\u00f3&#8230;.<\/p>\n","protected":false},"author":3,"featured_media":41324,"comment_status":"closed","ping_status":"closed","sticky":false,"template":"","format":"standard","meta":[],"categories":[9],"tags":[],"_links":{"self":[{"href":"https:\/\/www.actualidadadiario.com\/index.php\/wp-json\/wp\/v2\/posts\/41707"}],"collection":[{"href":"https:\/\/www.actualidadadiario.com\/index.php\/wp-json\/wp\/v2\/posts"}],"about":[{"href":"https:\/\/www.actualidadadiario.com\/index.php\/wp-json\/wp\/v2\/types\/post"}],"author":[{"embeddable":true,"href":"https:\/\/www.actualidadadiario.com\/index.php\/wp-json\/wp\/v2\/users\/3"}],"replies":[{"embeddable":true,"href":"https:\/\/www.actualidadadiario.com\/index.php\/wp-json\/wp\/v2\/comments?post=41707"}],"version-history":[{"count":1,"href":"https:\/\/www.actualidadadiario.com\/index.php\/wp-json\/wp\/v2\/posts\/41707\/revisions"}],"predecessor-version":[{"id":41708,"href":"https:\/\/www.actualidadadiario.com\/index.php\/wp-json\/wp\/v2\/posts\/41707\/revisions\/41708"}],"wp:featuredmedia":[{"embeddable":true,"href":"https:\/\/www.actualidadadiario.com\/index.php\/wp-json\/wp\/v2\/media\/41324"}],"wp:attachment":[{"href":"https:\/\/www.actualidadadiario.com\/index.php\/wp-json\/wp\/v2\/media?parent=41707"}],"wp:term":[{"taxonomy":"category","embeddable":true,"href":"https:\/\/www.actualidadadiario.com\/index.php\/wp-json\/wp\/v2\/categories?post=41707"},{"taxonomy":"post_tag","embeddable":true,"href":"https:\/\/www.actualidadadiario.com\/index.php\/wp-json\/wp\/v2\/tags?post=41707"}],"curies":[{"name":"wp","href":"https:\/\/api.w.org\/{rel}","templated":true}]}}