{"id":41698,"date":"2019-03-13T09:55:05","date_gmt":"2019-03-13T12:55:05","guid":{"rendered":"https:\/\/www.actualidadadiario.com\/?p=41698"},"modified":"2019-05-06T20:50:01","modified_gmt":"2019-05-06T23:50:01","slug":"urribarri-cargo-contra-la-oposicion-por-la-actitud-tomada-en-su-reeleccion-al-frente-de-diputados","status":"publish","type":"post","link":"https:\/\/www.actualidadadiario.com\/index.php\/2019\/03\/13\/urribarri-cargo-contra-la-oposicion-por-la-actitud-tomada-en-su-reeleccion-al-frente-de-diputados\/","title":{"rendered":"Urribarri carg\u00f3 contra la oposici\u00f3n por la actitud tomada en su reelecci\u00f3n al frente de Diputados"},"content":{"rendered":"\n<p><strong><em>El presidente de la C\u00e1mara de Diputados, Sergio Urribarri, pidi\u00f3 volver a su banca en la sesi\u00f3n de esta tarde y realiz\u00f3 fuertes cuestionamientos al bloque de Cambiemos por la actitud tomada en el anterior encuentro, cuando se retiraron del recinto al momento de la elecci\u00f3n de las autoridades del cuerpo. Apunt\u00f3 especialmente hacia la diputada Alejandra Viola<\/em><\/strong><\/p>\n\n\n\n<p><\/p>\n\n\n\n<p><\/p>\n\n\n\n<p>Este martes por la tarde se desarroll\u00f3 la primera sesi\u00f3n\nordinaria del presente 140\u00ba per\u00edodo legislativo de la C\u00e1mara de Diputados de la\nProvincia. El Presidente del Cuerpo, Sergio Urribarri, pidi\u00f3 la palabra a fin\nde rendir homenaje al expresidente Ra\u00fal Alfons\u00edn por el aniversario de su\nnacimiento.<\/p>\n\n\n\n<p>Urribarri destac\u00f3 la valent\u00eda y la coherencia de Alfons\u00edn\nreflejada en sus actos de gobierno, e hizo alusi\u00f3n a su compromiso con los\nderechos humanos, su enfrentamiento a la oligarqu\u00eda y su memorable discurso\nfrente al entonces mandatario Ronald Reagan en la Casa Blanca.<\/p>\n\n\n\n<p>&#8220;Insisto en que lo que m\u00e1s quiero destacar de ese\npresidente de todos los argentinos es la valent\u00eda y la coherencia que mostraba.\nEl principal ejemplo de esto est\u00e1 en que lo que prometi\u00f3, lo hizo&#8221;.<\/p>\n\n\n\n<p>Asimismo, Urribarri se refiri\u00f3 a las expresiones de la\ndiputada Alejandra Viola durante la sesi\u00f3n preparatoria realizada d\u00edas atr\u00e1s.\n\u201cA partir de la coherencia quiero referirme a lo sucedido en la \u00faltima sesi\u00f3n\u2026\nSinceramente no puedo entender las palabras de la diputada Viola cuando se\nrefiri\u00f3 a nuestro gobernador y a nuestra fuerza pol\u00edtica en t\u00e9rminos muy duros.\nEstas afirmaciones, a mi entender, muy livianas tienen muy poco que ver con el\naccionar o el desempe\u00f1o de ella en otros momentos ante el Presidente de la\nC\u00e1mara y el resto de los diputados&#8221;.<\/p>\n\n\n\n<p>\u201cYo quiero saber cu\u00e1l es la verdadera versi\u00f3n de la diputada\nViola: \u00bfla de ese d\u00eda que tuvo el tup\u00e9 de decirle al Gobernador lo que ten\u00eda\nque hacer o la que varias veces ha tenido la oportunidad de hablar con este\nPresidente y lo ha hecho de manera amable y respetuosa?\u201d.<\/p>\n\n\n\n<p>Y agreg\u00f3: \u201c\u00bfDesde d\u00f3nde plantea al Gobernador que es lo que\ntiene que hacer con respecto a temas como la corrupci\u00f3n? \u00bfEn qu\u00e9 espejo se\nmira, se\u00f1ora diputada? Seguramente se fijar\u00e1 en el espejo de su jefe pol\u00edtico,\nel Presidente Mauricio Macri&#8221;. En este sentido, Urribarri interpel\u00f3 a la\nlegisladora repasando varias de las 113 denuncias que posee el Presidente Macri\nen la Justicia.<\/p>\n\n\n\n<p>\u201cDe todas esas causas no la he escuchado hablar en estos\ntres a\u00f1os a usted, diputada\u201d, dijo el exmandatario, al tiempo que mencion\u00f3 que\nel Gobernador Bordet ha tenido que administrar la provincia en medio de \u201cla\npeor de crisis generada por el gobierno y la pol\u00edtica que usted representa y no\nse hace cargo\u201d.<\/p>\n\n\n\n<p>\u201cVinieron a llevar adelante un plan de negocios cuyos principales\nbeneficiarios son sus CEO\u00b4s y managers que a\u00fan est\u00e1n dentro del gobierno, y en\nlo pol\u00edtico vinieron a ejercer una estrategia de disciplinamiento. Hoy no les\ninteresa quien gana la elecci\u00f3n, lo que importa es que quienes vengan sean\nobedientes\u201d, sentenci\u00f3.<\/p>\n\n\n\n<p>Por otro lado, el Presidente de la C\u00e1mara manifest\u00f3 que \u201chay\nun sector del periodismo de la provincia que act\u00faa en connivencia con la\ndirigencia pol\u00edtica\u201d. &#8220;Llevo tres a\u00f1os de ataques permanentes de todo tipo\ny lo que se persigue es buscar que todo lo que se hizo en doce a\u00f1os de gobierno\nnacional y ocho de gobierno provincial sea invisibilizado, pero es imposible\nque esto suceda&#8221;, afirm\u00f3 y repas\u00f3 algunas de las obras de su gesti\u00f3n de\ngobierno.<\/p>\n\n\n\n<p>Sostuvo que \u201cen esa acci\u00f3n organizada y bien premeditada,\neste exgobernador, en estos tres a\u00f1os ha sido investigado de una manera\nminuciosa, profunda, sin l\u00edmites y de la que no me quejo&#8221;.<\/p>\n\n\n\n<p>En este sentido, hizo referencia a que se requirieron\ninformes al Banco Central, al Ministerio de Econom\u00eda y Hacienda, a la Direcci\u00f3n\nde Migraciones, a todos los registros de la propiedad de todo el pa\u00eds, a todos\nlos escribanos de la provincia, a todos los registros de automotores, a todos\nlos registros de embarcaciones, a todos los registros de aeronaves, y a la UIF,\ny no se encontraron irregularidades. Del mismo modo, se\u00f1al\u00f3 la investigaci\u00f3n\nllevada a cabo por la AFIP de los per\u00edodos 2013, 2014, 2015 y 2016, utilizando\ntoda la tecnolog\u00eda existente, y en la cual tampoco se detectaron\nirregularidades.<\/p>\n\n\n\n<p>El exmandatario manifest\u00f3 que sus todas sus acciones de\ngobierno fueron realizadas con la aprobaci\u00f3n previa de la Contadur\u00eda General y\nla Tesorer\u00eda General de la Provincia, y con la aprobaci\u00f3n posterior del\nTribunal de Cuentas. Tambi\u00e9n indic\u00f3 que las contrataciones efectuadas en el\nmarco de la Cumbre del Mercosur fueron autorizadas en la forma en la que la Ley\n10.327 determin\u00f3.<\/p>\n\n\n\n<p>Finalmente, asever\u00f3 que el Gobierno Nacional y los medios\nhegem\u00f3nicos \u201cno pueden ocultar la terrible realidad que desgraciadamente empuja\na millones de argentinos a la pobreza y a la indigencia\u201d.<\/p>\n\n\n\n<p>\u201cPor m\u00e1s que hagan operaciones pol\u00edticas, judiciales y\nmedi\u00e1ticas, no van a lograr el efecto deseado. Porque los expresidente N\u00e9stor\nKirchner y Cristina Fern\u00e1ndez de Kirchner trascendieron sus propias figuras; a trav\u00e9s\nde pol\u00edticas de Estado dignificaron y le abrieron la esperanza a millones de\nargentinos\u201d. Y a\u00f1adi\u00f3: \u201cPor m\u00e1s que el Gobierno, alguna diputada o los medios\nhegem\u00f3nicos traten de atacar o hacer lo que quieran, lo que no van a poder\nhacer es doblegar la conciencia de un pueblo que recuper\u00f3 la dignidad en esos\na\u00f1os\u201d.<\/p>\n","protected":false},"excerpt":{"rendered":"<p>El presidente de la C\u00e1mara de Diputados, Sergio Urribarri, pidi\u00f3 volver a su banca en la sesi\u00f3n de esta tarde y realiz\u00f3 fuertes cuestionamientos al bloque de Cambiemos por la actitud tomada en el anterior encuentro, cuando se retiraron del recinto al momento de la elecci\u00f3n de las autoridades del cuerpo. Apunt\u00f3 especialmente hacia la diputada Alejandra Viola Este martes por la tarde se desarroll\u00f3 la primera sesi\u00f3n ordinaria del presente 140\u00ba per\u00edodo legislativo de la C\u00e1mara de Diputados de la Provincia. El Presidente del Cuerpo, Sergio Urribarri, pidi\u00f3 la&#8230;<\/p>\n","protected":false},"author":3,"featured_media":41699,"comment_status":"closed","ping_status":"closed","sticky":false,"template":"","format":"standard","meta":[],"categories":[9],"tags":[],"_links":{"self":[{"href":"https:\/\/www.actualidadadiario.com\/index.php\/wp-json\/wp\/v2\/posts\/41698"}],"collection":[{"href":"https:\/\/www.actualidadadiario.com\/index.php\/wp-json\/wp\/v2\/posts"}],"about":[{"href":"https:\/\/www.actualidadadiario.com\/index.php\/wp-json\/wp\/v2\/types\/post"}],"author":[{"embeddable":true,"href":"https:\/\/www.actualidadadiario.com\/index.php\/wp-json\/wp\/v2\/users\/3"}],"replies":[{"embeddable":true,"href":"https:\/\/www.actualidadadiario.com\/index.php\/wp-json\/wp\/v2\/comments?post=41698"}],"version-history":[{"count":1,"href":"https:\/\/www.actualidadadiario.com\/index.php\/wp-json\/wp\/v2\/posts\/41698\/revisions"}],"predecessor-version":[{"id":41700,"href":"https:\/\/www.actualidadadiario.com\/index.php\/wp-json\/wp\/v2\/posts\/41698\/revisions\/41700"}],"wp:featuredmedia":[{"embeddable":true,"href":"https:\/\/www.actualidadadiario.com\/index.php\/wp-json\/wp\/v2\/media\/41699"}],"wp:attachment":[{"href":"https:\/\/www.actualidadadiario.com\/index.php\/wp-json\/wp\/v2\/media?parent=41698"}],"wp:term":[{"taxonomy":"category","embeddable":true,"href":"https:\/\/www.actualidadadiario.com\/index.php\/wp-json\/wp\/v2\/categories?post=41698"},{"taxonomy":"post_tag","embeddable":true,"href":"https:\/\/www.actualidadadiario.com\/index.php\/wp-json\/wp\/v2\/tags?post=41698"}],"curies":[{"name":"wp","href":"https:\/\/api.w.org\/{rel}","templated":true}]}}