{"id":41692,"date":"2019-03-13T09:53:24","date_gmt":"2019-03-13T12:53:24","guid":{"rendered":"https:\/\/www.actualidadadiario.com\/?p=41692"},"modified":"2019-05-06T20:57:23","modified_gmt":"2019-05-06T23:57:23","slug":"los-logros-son-importantes-para-fijar-nuevas-metas-afirmo-bordet","status":"publish","type":"post","link":"https:\/\/www.actualidadadiario.com\/index.php\/2019\/03\/13\/los-logros-son-importantes-para-fijar-nuevas-metas-afirmo-bordet\/","title":{"rendered":"\u201cLos logros son importantes para fijar nuevas metas\u201d, afirm\u00f3 Bordet"},"content":{"rendered":"\n<p><strong><em>\u201cCon planificaci\u00f3n y tiempo se logran los objetivos. Y esto es importante para fijarnos otras metas y pensar que se puede hacer mucho m\u00e1s\u201d, expres\u00f3 este martes el gobernador Gustavo Bordet al entregar ambulancias, reunirse con los vecinos y recorrer obras viales en el departamento Gualeguaych\u00fa<\/em><\/strong><\/p>\n\n\n\n<p><\/p>\n\n\n\n<p><\/p>\n\n\n\n<p>\u201cLa forma de trabajar es articulando pol\u00edtica p\u00fablicas,\nponi\u00e9ndonos de acuerdo en cuestiones que son esenciales para los vecinos porque\neste es el mandato que tenemos y es el que debemos cumplir\u201d, afirm\u00f3 el mandatario\nacompa\u00f1ado por la ministra de Desarrollo Social, Laura Stratta, el gobernador\nGustavo Bordet durante su visita al departamento Gualeguaych\u00fa.<\/p>\n\n\n\n<p>Bordet estuvo este martes en Larroque y Urdinarrian donde\nentreg\u00f3 ambulancias, recorri\u00f3 obras e inform\u00f3 la ejecuci\u00f3n de nuevas viviendas;\nadem\u00e1s inaugur\u00f3 una comisar\u00eda y comprometi\u00f3 la construcci\u00f3n de un nuevo\nedificio educativo. &#8220;Lo que m\u00e1s nos gusta es trabajar y resolver los\nproblemas, as\u00ed que en este camino vamos a seguir&#8221;, afirm\u00f3.<\/p>\n\n\n\n<p>En primer lugar en Larroque recorri\u00f3 las cuadras de\npavimento en calle De Zan, que son complementarias a la obra de la ruta\nprovincial N\u00ba 51. All\u00ed puso de manifiesto que &#8220;venimos trabajando desde el\ninicio de gesti\u00f3n con el intendente como lo hacemos con todos los intendentes\nde la provincia, poni\u00e9ndonos de acuerdo en distintas cuestiones que tienen que\nver con mejorar la calidad de vida de nuestros vecinos\u201d.<\/p>\n\n\n\n<p>\u201cPor eso es que trabajamos en diversos proyectos, como\nviviendas, o como el acceso por la ruta 51 para conectar con pavimento, y\ntambi\u00e9n habl\u00e1bamos de poder conectar la ruta 51 con la 16 para desviar el\ntr\u00e1nsito pesado de la ciudad&#8221;, agreg\u00f3.<\/p>\n\n\n\n<p>M\u00e1s adelante, afirm\u00f3 que \u201cla ruta 51 es una prioridad, el\ntramo que va entre Irazusta y Parera es el m\u00e1s complicado pero estamos para\ntrabajar, hubo un atraso por parte de la empresa, nosotros estamos al d\u00eda con\nlos pagos y estamos exigiendo que se avance con las obras&#8221;.<\/p>\n\n\n\n<p>Luego, Bordet se dirigi\u00f3 al hospital San Isidro Labrador,\ndonde recorri\u00f3 las instalaciones y entreg\u00f3 una ambulancia de mediana\ncomplejidad para traslado de pacientes: \u201cEs gratificante poder compartir la\nentrega de esta unidad m\u00f3vil porque hace mucho tiempo que lo ven\u00eda demandando\nla comunidad de Larroque\u201d, afirm\u00f3.<\/p>\n\n\n\n<p>En ese punto, record\u00f3 que \u201chab\u00edamos comprado 20 ambulancias de\nalta complejidad que son las que se destinan a los hospitales de referencia,\neran muy necesarias porque hab\u00edan un gran atraso en lo que es emergencia\nsanitaria en ambulancias en la provincia. Luego compramos 22 ambulancias m\u00e1s\nque son las de mediana complejidad y sirven para hacer traslados. Esta es la\nsegunda que entregamos, cumplimos con la palabra empe\u00f1ada\u201d.<\/p>\n\n\n\n<p>Dijo que la entrega del veh\u00edculo, forma parte de un\n\u201ccompromiso con toda la comunidad y el hospital para otras necesidades que\nest\u00e1n haciendo falta y a las que siempre estamos atentos para poder ir\nsolucionando\u201d. En ese sentido, trajo a colaci\u00f3n \u201cla petici\u00f3n del equipo de\nrayos para el hospital, algo que ten\u00edamos previsto desde el a\u00f1o pasado pero con\nel aumento del d\u00f3lar, tuvimos que recalcular costos. Es prioridad y estamos\npara comprarlo pero hab\u00edamos tenido el desfasaje por la suba del d\u00f3lar el a\u00f1o\npasado y est\u00e1 revisto comprar para este a\u00f1o&#8221;.<\/p>\n\n\n\n<p>&#8220;Tenemos un programa de salud en toda la provincia y\nreconocemos mucho el trabajo que se realizan no solo en los hospitales de\nreferencia sino en aquellos de cada una de nuestras ciudades, este es un\ncompromiso que llevamos adelante&#8221;, dijo tambi\u00e9n all\u00ed.<\/p>\n\n\n\n<p>Finalmente salud\u00f3 especialmente al personal del hospital,\n\u201cque todos los d\u00edas ponen su granito de arena para cuidar a nuestros vecinos y\nesa es una tarea que se hace con mucho cari\u00f1o y amor porque si no existen estos\nelementos es muy dif\u00edcil llevarlo adelante\u201d.<\/p>\n\n\n\n<p>Por su parte, el intendente local H\u00e9ctor Benedetti, dijo que\n&#8220;hoy la comunidad del hospital recibiendo una nueva ambulancia despu\u00e9s de\nhaberla gestionado hace un tiempo con Gustavo (Bordet) es un orgullo tener este\nm\u00f3vil en Larroque, para toda la comunidad del hospital y todo el pueblo&#8221;.<\/p>\n\n\n\n<p>Posteriormente, Bordet visit\u00f3 a La Tera, que fuera la casa\nde la escritora entrerriana Mar\u00eda Esther De Miguel, actualmente un museo\nmunicipal donde se encuentran alrededor de 4.500 vol\u00famenes, que era su\nbiblioteca personal. Por \u00faltimo, el mandatario estuvo recorriendo las\ninstalaciones del polideportivo municipal.<\/p>\n\n\n\n<p>En Larroque, se destacan las obras en el marco del programa\nde mejoramiento y seguridad vial de la ruta provincial N\u00ba 16 en el tramo ruta\nnacional N\u00ba12, ruta nacional N\u00ba 14 segunda etapa de Larroque &#8211; ruta nacional N\u00ba\n14.<\/p>\n\n\n\n<p>Por otro lado, se destaca la ejecuci\u00f3n la obra de\npavimentaci\u00f3n y puente en la ruta provincial N\u00ba 51 tramo Larroque-Estaci\u00f3n\nParera. Como as\u00ed tambi\u00e9n, se encuentra en ejecuci\u00f3n tambi\u00e9n el nuevo edificio\nde la escuela t\u00e9cnica N\u00ba 4 de la localidad, que beneficiar\u00e1 a m\u00e1s de 150\nalumnos entrerrianos.<\/p>\n\n\n\n<p>Adem\u00e1s, se inform\u00f3 que el 21 de marzo se abrir\u00e1n los sobres\nde la licitaci\u00f3n para 15 nuevas viviendas correspondientes al programa\nprovincial Primero Tu Casa para las que el gobierno de Entre R\u00edos realizar\u00e1 una\ninversi\u00f3n de m\u00e1s de 18 millones de pesos.<\/p>\n\n\n\n<p><strong>Trabajo en com\u00fan<\/strong><\/p>\n\n\n\n<p>Posteriormente, el gobernador Bordet estuvo en Urdinarrain,\ndonde recorri\u00f3 la obra de la rotonda en el Acceso Norte.<\/p>\n\n\n\n<p>Luego, inaugur\u00f3 una nueva comisar\u00eda en Urdinarrain, que tuvo\nuna inversi\u00f3n de m\u00e1s de 2 millones de pesos, fue construida en terreno propio y\npor personal policial de la Jefatura Departamental Gualeguaych\u00fa.<\/p>\n\n\n\n<p>All\u00ed Bordet afirm\u00f3 que &#8220;hay que ordenar las cuentas\np\u00fablicas, quedar al d\u00eda, sin deudas y por otro lado cumplir con las obras con\nlas que nos comprometimos\u201d, indic\u00f3 e hizo referencia a los inicios de la\ngesti\u00f3n y las reuniones con el intendente en aquellos a\u00f1os, para destacar:\n\u201cVolver despu\u00e9s de tres a\u00f1os y encontrarme con que muchas de esas obras de las\nque hab\u00edamos hablado hoy est\u00e1n terminadas o por terminarse, como el caso de uno\nde los accesos de la ruta 20 y el otro que estamos conversando para poder\nrepavimentarlo, resulta gratificante porque es fruto del trabajo en com\u00fan,\narticulado, de poder poner de cada uno de nosotros la mejor parte para lograr\nlas soluciones que todos los vecinos necesitan\u201d.<\/p>\n\n\n\n<p>En ese sentido destac\u00f3 que \u201cesto que hicimos en Urdinarrian\nlo hemos hecho con todos los intendentes de la provincia, sin importar el color\ndel partido pol\u00edtico porque a nosotros nos eligen para que despu\u00e9s llevemos ese\nmandato y cumplamos con los objetivos que tienen los vecinos&#8221;.<\/p>\n\n\n\n<p><strong>Fijarnos objetivos<\/strong><\/p>\n\n\n\n<p>Adem\u00e1s el gobernador entreg\u00f3 una ambulancia para el hospital\nManuel Belgrano, oportunidad en la cual record\u00f3 \u201cuna vieja foto de hace 13 a\u00f1os\ndonde como ministro de Salud hab\u00eda entregado la ambulancia, 13 a\u00f1os despu\u00e9s estamos\nde nuevo entregando otra\u201d.<\/p>\n\n\n\n<p>\u201cVine a comprometerme con las cosas que hacen falta en la\nciudad, tenemos que irnos fijando m\u00e1s objetivos para poder superar y alcanzar, por\neso es que he firmado el llamado a licitaci\u00f3n para la escuela t\u00e9cnica que era\nuna demanda que ten\u00eda de la ciudad, esto significa que muchos j\u00f3venes van a\npoder tener una especializaci\u00f3n en su educaci\u00f3n secundaria para salir despu\u00e9s\nal mercado laboral bien capacitados&#8221;.<\/p>\n\n\n\n<p>El gobernador inform\u00f3 adem\u00e1s que &#8220;se van a construir\nlas pr\u00f3ximas 15 viviendas en Urdinarrain, esto forma parte del plan provincial\nde viviendas, hac\u00eda 20 a\u00f1os que la provincia no ten\u00eda un plan propio de\nviviendas enteramente financiado con recursos propios&#8221;.<\/p>\n\n\n\n<p>\u201cSi todos ponemos nuestro esfuerzo sin lugar a dudas vamos a\npoder hacer todo lo que nos est\u00e1 faltando, es mucho pero no muchas las energ\u00edas\nque le ponemos todos los d\u00edas\u201d.<\/p>\n\n\n\n<p>En la ocasi\u00f3n, el mandatario entreg\u00f3 aportes para intendencias\nde San Antonio y Enrique Carb\u00f3; a bomberos y a juntas de gobierno del departamento\npor 3 millones de pesos.<\/p>\n\n\n\n<p>A su turno, el intendente Mornacco afirm\u00f3 que \u201cestamos\ninaugurando una comisar\u00eda que con mucho esfuerzo hace m\u00e1s de cuatro a\u00f1os se\nest\u00e1 construyendo&#8221;, y destac\u00f3 que se trata de otra obra que &#8220;en este\ngobierno de Bordet se est\u00e1 finalizando&#8221;. En ese marco, resalt\u00f3 que las\nobras que se est\u00e1n haciendo y las que se har\u00e1n, son &#8220;fruto de un trabajo\nconjunto, esfuerzo, gesti\u00f3n y lo principal que tengo para decir y ponderar al\ngobernador es que puso en caja la provincia, no hay forma de hacer pol\u00edtica sin\nprevisibilidad&#8221;.<\/p>\n\n\n\n<p>&#8220;Hacer los deberes en la provincia y el municipio es\nfundamental para que despu\u00e9s con recursos propios podamos hacer nuestra\ntarea&#8221;, finaliz\u00f3.<\/p>\n\n\n\n<p>Durante su visita al departamento, el gobernador estuvo\nacompa\u00f1ado por los intendentes de Larroque, H\u00e9ctor Benedetti; y de Urdinarrain,\nAlberto Mornacco; la ministra Desarrollo Social Laura Stratta; la titular d\nVialidad provincial, Alicia Ben\u00edtez; el diputado Nacional Juan Jos\u00e9 Bahillo; el\ndiputado provincial Ra\u00fal Riganti; la presidenta del Consejo General de Educaci\u00f3n,\nMarta Land\u00f3; el secretario de Salud Mario Imaz; entre otras autoridades\nprovinciales y municipales.<\/p>\n","protected":false},"excerpt":{"rendered":"<p>\u201cCon planificaci\u00f3n y tiempo se logran los objetivos. Y esto es importante para fijarnos otras metas y pensar que se puede hacer mucho m\u00e1s\u201d, expres\u00f3 este martes el gobernador Gustavo Bordet al entregar ambulancias, reunirse con los vecinos y recorrer obras viales en el departamento Gualeguaych\u00fa \u201cLa forma de trabajar es articulando pol\u00edtica p\u00fablicas, poni\u00e9ndonos de acuerdo en cuestiones que son esenciales para los vecinos porque este es el mandato que tenemos y es el que debemos cumplir\u201d, afirm\u00f3 el mandatario acompa\u00f1ado por la ministra de Desarrollo Social, Laura Stratta,&#8230;<\/p>\n","protected":false},"author":3,"featured_media":41693,"comment_status":"closed","ping_status":"closed","sticky":false,"template":"","format":"standard","meta":[],"categories":[15],"tags":[],"_links":{"self":[{"href":"https:\/\/www.actualidadadiario.com\/index.php\/wp-json\/wp\/v2\/posts\/41692"}],"collection":[{"href":"https:\/\/www.actualidadadiario.com\/index.php\/wp-json\/wp\/v2\/posts"}],"about":[{"href":"https:\/\/www.actualidadadiario.com\/index.php\/wp-json\/wp\/v2\/types\/post"}],"author":[{"embeddable":true,"href":"https:\/\/www.actualidadadiario.com\/index.php\/wp-json\/wp\/v2\/users\/3"}],"replies":[{"embeddable":true,"href":"https:\/\/www.actualidadadiario.com\/index.php\/wp-json\/wp\/v2\/comments?post=41692"}],"version-history":[{"count":1,"href":"https:\/\/www.actualidadadiario.com\/index.php\/wp-json\/wp\/v2\/posts\/41692\/revisions"}],"predecessor-version":[{"id":41694,"href":"https:\/\/www.actualidadadiario.com\/index.php\/wp-json\/wp\/v2\/posts\/41692\/revisions\/41694"}],"wp:featuredmedia":[{"embeddable":true,"href":"https:\/\/www.actualidadadiario.com\/index.php\/wp-json\/wp\/v2\/media\/41693"}],"wp:attachment":[{"href":"https:\/\/www.actualidadadiario.com\/index.php\/wp-json\/wp\/v2\/media?parent=41692"}],"wp:term":[{"taxonomy":"category","embeddable":true,"href":"https:\/\/www.actualidadadiario.com\/index.php\/wp-json\/wp\/v2\/categories?post=41692"},{"taxonomy":"post_tag","embeddable":true,"href":"https:\/\/www.actualidadadiario.com\/index.php\/wp-json\/wp\/v2\/tags?post=41692"}],"curies":[{"name":"wp","href":"https:\/\/api.w.org\/{rel}","templated":true}]}}