{"id":41689,"date":"2019-03-13T09:52:33","date_gmt":"2019-03-13T12:52:33","guid":{"rendered":"https:\/\/www.actualidadadiario.com\/?p=41689"},"modified":"2019-05-06T20:56:46","modified_gmt":"2019-05-06T23:56:46","slug":"avanzan-las-gestiones-de-frigorifico-entrerriano-para-exportar-carne-a-china","status":"publish","type":"post","link":"https:\/\/www.actualidadadiario.com\/index.php\/2019\/03\/13\/avanzan-las-gestiones-de-frigorifico-entrerriano-para-exportar-carne-a-china\/","title":{"rendered":"Avanzan las gestiones de frigor\u00edfico entrerriano para exportar carne a China"},"content":{"rendered":"\n<p><strong><em>La planta est\u00e1 ubicada en Oro Verde y actualmente cuenta con habilitaciones para exportar a m\u00e1s de 40 pa\u00edses, pero est\u00e1 interesada en sumar al pa\u00eds asi\u00e1tico dado que se abri\u00f3 el mercado para la exportaci\u00f3n de carne con hueso<\/em><\/strong><\/p>\n\n\n\n<p><\/p>\n\n\n\n<p><\/p>\n\n\n\n<p>\u201cEl frigor\u00edfico Alberdi es uno de los pocos que cuenta con\nhabilitaci\u00f3n para la exportaci\u00f3n al mercado europeo, el cual tiene requisitos\nmuy rigurosos\u201d, destac\u00f3 el secretario de Producci\u00f3n, \u00c1lvaro Gab\u00e1s, quien agreg\u00f3\nque el mercado chino es \u201cm\u00e1s flexible, pero no obstante hay que abrir la\nhabilitaci\u00f3n. La empresa est\u00e1 cercana a obtenerla para exportar. \u00c9sta fue la\noportunidad para visitar las instalaciones que fueron remodeladas para dichos\nfines, sumando adem\u00e1s la futura exportaci\u00f3n a Israel\u201c, agreg\u00f3.<\/p>\n\n\n\n<p>\u201cEste es uno de los frigor\u00edficos m\u00e1s importantes en el que\nfaenan 450 cabezas de ganado vacuno diarias. Son exportadores de la Uni\u00f3n\nEuropea y van a exportar a Israel, y se est\u00e1 trabajando en la posibilidad de\nabrir la exportaci\u00f3n a China por lo que se espera que se apruebe para la\nintenci\u00f3n y tambi\u00e9n fortalecer la cuota Hilton para la exportaci\u00f3n de carne\nvacuna\u201d<\/p>\n\n\n\n<p>&#8220;Generar valor agregado a los sectores primario y\nsecundario de la econom\u00eda productiva entrerriana, espec\u00edficamente la actividad\nagr\u00edcola ganadera, forestal y de las econom\u00eda regionales, fueron prioritario\ndesde el inicio de mi gesti\u00f3n. Tambi\u00e9n es el revalorizar al industrial, uno de\nlos sectores que m\u00e1s genera empleo en la provincia o en actividades econ\u00f3micas\nen general. Con la asistencia y el acompa\u00f1amiento a nuestros empresarios,\nlogramos fomentar e incentivar las exportaciones y as\u00ed tambi\u00e9n realzar el\nmercado interno generando fuentes de trabajo&#8221;, finaliz\u00f3 el funcionario.<\/p>\n\n\n\n<p>Por su parte, el presidente ejecutivo del Frigor\u00edfico\nAlberdi , Leonardo Luis Lequio, record\u00f3 que en una reuni\u00f3n mantenida\noportunamente con el gobernador Gustavo Bordet, se solicit\u00f3 la colaboraci\u00f3n\npara la ampliaci\u00f3n de la Cuota Hilton y se\u00f1al\u00f3 que sus proyectos de crecimiento\nen el nivel operativo ser\u00e1n del 100%. \u201cNuestros planes de inversi\u00f3n\nconsistieron en habilitar el kosher para el frigor\u00edfico y la fabricaci\u00f3n de\nhamburguesas\u201d, detall\u00f3, al tiempo que precis\u00f3 que las hamburguesas, cortes\ngenerales o menudencias est\u00e1n pensados para el mercado interno, mientras que el\nkosher para el mercado externo. \u201cLa integraci\u00f3n de la Cuota Hilton con el\nkosher va a provocar una buena sinergia\u201d, consider\u00f3.<\/p>\n\n\n\n<p>Por otro lado, el directivo afirm\u00f3 que en el predio\nactualmente trabajan 250 personas y que con las inversiones previstas para 2019\nse posibilitar\u00e1 que se aumenten las fuentes laborales.<\/p>\n\n\n\n<p>\u201cTenemos mucha confianza en la inversi\u00f3n que hemos hecho a\nt\u00edtulo familiar en el frigor\u00edfico. Entre R\u00edos es una provincia que en estos\nmomentos est\u00e1 virgen en cuanto a la industrializaci\u00f3n del ganado y queremos, a\ntrav\u00e9s del frigor\u00edfico Alberdi, producir el mayor valor agregado posible a esa\ncarne entrerriana para el mundo\u201c, finaliz\u00f3.<\/p>\n\n\n\n<p>Acompa\u00f1aron la visita el gerente de Comercio Exterior de la\nfirma, Esteban Rodr\u00edguez, y el coordinador del \u00e1rea de Promoci\u00f3n de\nExportaciones de la Secretar\u00eda de Producci\u00f3n del Gobierno de Entre R\u00edos,\nSantiago Escales Migliore.<\/p>\n","protected":false},"excerpt":{"rendered":"<p>La planta est\u00e1 ubicada en Oro Verde y actualmente cuenta con habilitaciones para exportar a m\u00e1s de 40 pa\u00edses, pero est\u00e1 interesada en sumar al pa\u00eds asi\u00e1tico dado que se abri\u00f3 el mercado para la exportaci\u00f3n de carne con hueso \u201cEl frigor\u00edfico Alberdi es uno de los pocos que cuenta con habilitaci\u00f3n para la exportaci\u00f3n al mercado europeo, el cual tiene requisitos muy rigurosos\u201d, destac\u00f3 el secretario de Producci\u00f3n, \u00c1lvaro Gab\u00e1s, quien agreg\u00f3 que el mercado chino es \u201cm\u00e1s flexible, pero no obstante hay que abrir la habilitaci\u00f3n. La empresa&#8230;<\/p>\n","protected":false},"author":3,"featured_media":41690,"comment_status":"closed","ping_status":"closed","sticky":false,"template":"","format":"standard","meta":[],"categories":[15],"tags":[],"_links":{"self":[{"href":"https:\/\/www.actualidadadiario.com\/index.php\/wp-json\/wp\/v2\/posts\/41689"}],"collection":[{"href":"https:\/\/www.actualidadadiario.com\/index.php\/wp-json\/wp\/v2\/posts"}],"about":[{"href":"https:\/\/www.actualidadadiario.com\/index.php\/wp-json\/wp\/v2\/types\/post"}],"author":[{"embeddable":true,"href":"https:\/\/www.actualidadadiario.com\/index.php\/wp-json\/wp\/v2\/users\/3"}],"replies":[{"embeddable":true,"href":"https:\/\/www.actualidadadiario.com\/index.php\/wp-json\/wp\/v2\/comments?post=41689"}],"version-history":[{"count":1,"href":"https:\/\/www.actualidadadiario.com\/index.php\/wp-json\/wp\/v2\/posts\/41689\/revisions"}],"predecessor-version":[{"id":41691,"href":"https:\/\/www.actualidadadiario.com\/index.php\/wp-json\/wp\/v2\/posts\/41689\/revisions\/41691"}],"wp:featuredmedia":[{"embeddable":true,"href":"https:\/\/www.actualidadadiario.com\/index.php\/wp-json\/wp\/v2\/media\/41690"}],"wp:attachment":[{"href":"https:\/\/www.actualidadadiario.com\/index.php\/wp-json\/wp\/v2\/media?parent=41689"}],"wp:term":[{"taxonomy":"category","embeddable":true,"href":"https:\/\/www.actualidadadiario.com\/index.php\/wp-json\/wp\/v2\/categories?post=41689"},{"taxonomy":"post_tag","embeddable":true,"href":"https:\/\/www.actualidadadiario.com\/index.php\/wp-json\/wp\/v2\/tags?post=41689"}],"curies":[{"name":"wp","href":"https:\/\/api.w.org\/{rel}","templated":true}]}}