{"id":41681,"date":"2019-03-12T09:56:04","date_gmt":"2019-03-12T12:56:04","guid":{"rendered":"https:\/\/www.actualidadadiario.com\/?p=41681"},"modified":"2019-05-06T20:56:39","modified_gmt":"2019-05-06T23:56:39","slug":"bolsonaro-desata-acoso-a-una-periodista-al-difundir-fake-news","status":"publish","type":"post","link":"https:\/\/www.actualidadadiario.com\/index.php\/2019\/03\/12\/bolsonaro-desata-acoso-a-una-periodista-al-difundir-fake-news\/","title":{"rendered":"Bolsonaro desata acoso a una periodista al difundir \u201cfake news\u201d"},"content":{"rendered":"\n<p><strong><em>El presidente reprodujo un audio editado de modo de exponer a una conocida comunicadora como una conspiradora. Amplio repudio<\/em><\/strong><\/p>\n\n\n\n<p><\/p>\n\n\n\n<p><\/p>\n\n\n\n<p>El presidente de Brasil, Jair Bolsonaro, distribuy\u00f3 en las\nredes sociales una noticia falsa con escuchas telef\u00f3nicas editadas para acusar\nde atentar contra su gobierno a una periodista del diario O Estado de S\u00e3o Paulo\nque investiga el v\u00ednculo de las milicias parapoliciales con la familia\npresidencial.<\/p>\n\n\n\n<p>El presidente us\u00f3 las redes sociales el domingo a la noche\npara distribuir una supuesta noticia de un sitio bolsonarista que mostraba a la\nperiodista Costan\u00e7a Rezende, de O Estado de S\u00e3o Paulo, hablando con un supuesto\ninterlocutor estadounidense.<\/p>\n\n\n\n<p>Bolsonaro escribi\u00f3 que Rezende es hija del tambi\u00e9n\nperiodista Chico Ot\u00e1vio, de O Globo. &#8220;Ellos quieren derrocar al gobierno\ncon chantajes y filtraciones&#8221;, escribi\u00f3 Bolsonaro. El problema es que no\nhizo m\u00e1s que viralizar fake news.<\/p>\n\n\n\n<p>El sitio bolsonarista Ter\u00e7a Livre divulg\u00f3 en forma editada\nun audio obtenido ilegalmente entre Rezende y el supuesto estudiante\nestadounidense Alex MacAllister, en el cual ella le cuenta en ingl\u00e9s los\nv\u00ednculos entre el clan Bolsonaro y bandas parapoliciales de R\u00edo de Janeiro.<\/p>\n\n\n\n<p>En ning\u00fan momento la periodista habla de derrocar al\ngobierno, pero s\u00ed lo hacen los subt\u00edtulos que supuestamente clarifican lo dicho\nen la conversaci\u00f3n.<\/p>\n\n\n\n<p>La Asociaci\u00f3n de Periodistas de Investigaci\u00f3n (Abraji) y la\nOrden de Abogados de Brasil repudiaron al presidente &#8220;por usar noticias\nfalsas para un nuevo ataque a la prensa&#8221;.<\/p>\n\n\n\n<p>Las entidades condenaron al mandatario porque luego de su\nposteo la periodista y su familia fueron blanco de insultos y amenazas en las\nredes sociales.<\/p>\n\n\n\n<p>El padre de Rezende es un periodista de investigaci\u00f3n que\nhizo notas sobre los v\u00ednculos del senador Fl\u00e1vio Bolsonaro, hijo mayor del\npresidente, con un esc\u00e1ndalo de funcionarios \u00f1oquis y lavado de dinero\nvinculado a la contrataci\u00f3n de empleados que son parte de las milicias\nparapoliciales de R\u00edo de Janeiro.<\/p>\n","protected":false},"excerpt":{"rendered":"<p>El presidente reprodujo un audio editado de modo de exponer a una conocida comunicadora como una conspiradora. Amplio repudio El presidente de Brasil, Jair Bolsonaro, distribuy\u00f3 en las redes sociales una noticia falsa con escuchas telef\u00f3nicas editadas para acusar de atentar contra su gobierno a una periodista del diario O Estado de S\u00e3o Paulo que investiga el v\u00ednculo de las milicias parapoliciales con la familia presidencial. El presidente us\u00f3 las redes sociales el domingo a la noche para distribuir una supuesta noticia de un sitio bolsonarista que mostraba a la&#8230;<\/p>\n","protected":false},"author":3,"featured_media":41682,"comment_status":"closed","ping_status":"closed","sticky":false,"template":"","format":"standard","meta":[],"categories":[4],"tags":[],"_links":{"self":[{"href":"https:\/\/www.actualidadadiario.com\/index.php\/wp-json\/wp\/v2\/posts\/41681"}],"collection":[{"href":"https:\/\/www.actualidadadiario.com\/index.php\/wp-json\/wp\/v2\/posts"}],"about":[{"href":"https:\/\/www.actualidadadiario.com\/index.php\/wp-json\/wp\/v2\/types\/post"}],"author":[{"embeddable":true,"href":"https:\/\/www.actualidadadiario.com\/index.php\/wp-json\/wp\/v2\/users\/3"}],"replies":[{"embeddable":true,"href":"https:\/\/www.actualidadadiario.com\/index.php\/wp-json\/wp\/v2\/comments?post=41681"}],"version-history":[{"count":1,"href":"https:\/\/www.actualidadadiario.com\/index.php\/wp-json\/wp\/v2\/posts\/41681\/revisions"}],"predecessor-version":[{"id":41683,"href":"https:\/\/www.actualidadadiario.com\/index.php\/wp-json\/wp\/v2\/posts\/41681\/revisions\/41683"}],"wp:featuredmedia":[{"embeddable":true,"href":"https:\/\/www.actualidadadiario.com\/index.php\/wp-json\/wp\/v2\/media\/41682"}],"wp:attachment":[{"href":"https:\/\/www.actualidadadiario.com\/index.php\/wp-json\/wp\/v2\/media?parent=41681"}],"wp:term":[{"taxonomy":"category","embeddable":true,"href":"https:\/\/www.actualidadadiario.com\/index.php\/wp-json\/wp\/v2\/categories?post=41681"},{"taxonomy":"post_tag","embeddable":true,"href":"https:\/\/www.actualidadadiario.com\/index.php\/wp-json\/wp\/v2\/tags?post=41681"}],"curies":[{"name":"wp","href":"https:\/\/api.w.org\/{rel}","templated":true}]}}