{"id":41670,"date":"2019-03-12T09:53:13","date_gmt":"2019-03-12T12:53:13","guid":{"rendered":"https:\/\/www.actualidadadiario.com\/?p=41670"},"modified":"2019-05-06T20:54:40","modified_gmt":"2019-05-06T23:54:40","slug":"el-plan-de-facebook-para-detener-a-los-grupos-antivacunas","status":"publish","type":"post","link":"https:\/\/www.actualidadadiario.com\/index.php\/2019\/03\/12\/el-plan-de-facebook-para-detener-a-los-grupos-antivacunas\/","title":{"rendered":"El plan de Facebook para detener a los &#8220;grupos antivacunas&#8221;"},"content":{"rendered":"\n<p><strong><em>Muchos de los que pertenecen a esta tendencia utilizan las redes sociales para promover sus ideas<\/em><\/strong><\/p>\n\n\n\n<p><\/p>\n\n\n\n<p><\/p>\n\n\n\n<p>De a poco Facebook est\u00e1 dispuesto a poner de su parte para\nintentar ponerle freno al pol\u00e9mico movimiento antivacunas. La red social sirve\nde plataforma a grupos cerrados de personas que divulgan informaci\u00f3n err\u00f3nea\nsobre los riesgos de la vacunaci\u00f3n y expanden falsos mitos. <\/p>\n\n\n\n<p>En las \u00faltimas semanas, profesionales sanitarios en Estados\nUnidos hicieron un llamamiento a la compa\u00f1\u00eda de Mark Zuckerberg para que act\u00fae,\ncita EFE.<\/p>\n\n\n\n<p>&#8220;Facebook debe establecer entre sus prioridades\nocuparse de la amenaza que supone para la salud p\u00fablica que se compartan\nfalsedades y desinformaci\u00f3n. No se trata \u00fanicamente de autolesiones, esto es un\nda\u00f1o a la comunidad&#8221;, dijo el pasado mes la portavoz de la Academia\nAmericana de Pediatr\u00eda doctora Wendy Sue Swanson, seg\u00fan recoge el diario\nbrit\u00e1nico The Guardian. Muchos grupos de esta tendencia utilizan las redes sociales\npara promover sus ideas.<\/p>\n\n\n\n<p>Tambi\u00e9n la clase pol\u00edtica de Estados Unidos ha dado una voz\nde alerta. El congresista dem\u00f3crata Adam Schiff envi\u00f3 hace tres semanas una\ndura misiva al fundador de la red social en la que criticaba a Facebook e\nInstagram por &#8220;publicar y recomendar mensajes que desalientan a los padres\nde vacunar a sus hijos&#8221;. <\/p>\n\n\n\n<p>La propia Organizaci\u00f3n Mundial de la Salud, la OMS, ha\nadvertido del aumento de casos de casos de enfermedades como el sarampi\u00f3n y ha\nincluido el rechazo a las vacunas entre las 10 amenazas para la salud p\u00fablica y\nel planeta en este a\u00f1o 2019.<\/p>\n\n\n\n<p><strong>El plan<\/strong><\/p>\n\n\n\n<p>Con este escenario, Facebook anunci\u00f3 este jueves que ya no\nrecomendar\u00e1 los grupos y p\u00e1ginas que compartan informaci\u00f3n falsa y mitos sobre\nvacunas y, aunque ha dicho que no los eliminar\u00e1, s\u00ed que har\u00e1 que sea m\u00e1s\ndif\u00edcil dar con ellos a trav\u00e9s de su motor de b\u00fasqueda.<\/p>\n\n\n\n<p>En una nota de prensa, la vicepresidenta global de gesti\u00f3n\nde pol\u00edticas de la compa\u00f1\u00eda Monika Bickert asegur\u00f3 que no se permitir\u00e1n los\nanuncios que &#8220;incluyan desinformaci\u00f3n sobre vacunas&#8221;. Tambi\u00e9n han\nalterado el algoritmo que usan los anunciantes para que no puedan dirigirse a\nusuarios que hayan mostrado inter\u00e9s en &#8220;controversias sobre las\nvacunas&#8221;. En caso de que alguna cuenta publicitaria se salte la nueva\nnormativa, ser\u00e1 eliminada, dice el texto.<\/p>\n\n\n\n<p>Facebook, que en ning\u00fan momento se ha referido a los grupos\nantivacunas sino a la &#8220;desinformaci\u00f3n sobre vacunas&#8221;, tambi\u00e9n planea\nempezar a distribuir &#8220;informaci\u00f3n autorizada sobre esta materia&#8221; a\ntrav\u00e9s de la propia plataforma.<\/p>\n","protected":false},"excerpt":{"rendered":"<p>Muchos de los que pertenecen a esta tendencia utilizan las redes sociales para promover sus ideas De a poco Facebook est\u00e1 dispuesto a poner de su parte para intentar ponerle freno al pol\u00e9mico movimiento antivacunas. La red social sirve de plataforma a grupos cerrados de personas que divulgan informaci\u00f3n err\u00f3nea sobre los riesgos de la vacunaci\u00f3n y expanden falsos mitos. En las \u00faltimas semanas, profesionales sanitarios en Estados Unidos hicieron un llamamiento a la compa\u00f1\u00eda de Mark Zuckerberg para que act\u00fae, cita EFE. &#8220;Facebook debe establecer entre sus prioridades ocuparse&#8230;<\/p>\n","protected":false},"author":3,"featured_media":41671,"comment_status":"closed","ping_status":"closed","sticky":false,"template":"","format":"standard","meta":[],"categories":[4],"tags":[],"_links":{"self":[{"href":"https:\/\/www.actualidadadiario.com\/index.php\/wp-json\/wp\/v2\/posts\/41670"}],"collection":[{"href":"https:\/\/www.actualidadadiario.com\/index.php\/wp-json\/wp\/v2\/posts"}],"about":[{"href":"https:\/\/www.actualidadadiario.com\/index.php\/wp-json\/wp\/v2\/types\/post"}],"author":[{"embeddable":true,"href":"https:\/\/www.actualidadadiario.com\/index.php\/wp-json\/wp\/v2\/users\/3"}],"replies":[{"embeddable":true,"href":"https:\/\/www.actualidadadiario.com\/index.php\/wp-json\/wp\/v2\/comments?post=41670"}],"version-history":[{"count":1,"href":"https:\/\/www.actualidadadiario.com\/index.php\/wp-json\/wp\/v2\/posts\/41670\/revisions"}],"predecessor-version":[{"id":41672,"href":"https:\/\/www.actualidadadiario.com\/index.php\/wp-json\/wp\/v2\/posts\/41670\/revisions\/41672"}],"wp:featuredmedia":[{"embeddable":true,"href":"https:\/\/www.actualidadadiario.com\/index.php\/wp-json\/wp\/v2\/media\/41671"}],"wp:attachment":[{"href":"https:\/\/www.actualidadadiario.com\/index.php\/wp-json\/wp\/v2\/media?parent=41670"}],"wp:term":[{"taxonomy":"category","embeddable":true,"href":"https:\/\/www.actualidadadiario.com\/index.php\/wp-json\/wp\/v2\/categories?post=41670"},{"taxonomy":"post_tag","embeddable":true,"href":"https:\/\/www.actualidadadiario.com\/index.php\/wp-json\/wp\/v2\/tags?post=41670"}],"curies":[{"name":"wp","href":"https:\/\/api.w.org\/{rel}","templated":true}]}}