{"id":41662,"date":"2019-03-12T09:50:43","date_gmt":"2019-03-12T12:50:43","guid":{"rendered":"https:\/\/www.actualidadadiario.com\/?p=41662"},"modified":"2019-05-06T20:53:03","modified_gmt":"2019-05-06T23:53:03","slug":"la-justicia-electoral-oficializo-la-ruptura-de-cambiemos-en-cordoba","status":"publish","type":"post","link":"https:\/\/www.actualidadadiario.com\/index.php\/2019\/03\/12\/la-justicia-electoral-oficializo-la-ruptura-de-cambiemos-en-cordoba\/","title":{"rendered":"La Justicia Electoral oficializ\u00f3 la ruptura de Cambiemos en C\u00f3rdoba"},"content":{"rendered":"\n<p><strong><em>La jueza Marta Vidal dio a conocer el fallo y de esta manera los radicales Negri y Mestre competir\u00e1n en listas separadas<\/em><\/strong><\/p>\n\n\n\n<p><\/p>\n\n\n\n<p><\/p>\n\n\n\n<p>En las \u00faltimas horas la Justicia Electoral de la provincia acept\u00f3 el pedido del PRO para que lo desvinculara de la coalici\u00f3n oficialista. De esta manera queda oficializado que las dos listas que se disputan la gobernaci\u00f3n, los radicales Mario Negri y Ram\u00f3n Mestre, competir\u00e1n en listas separadas.  <br>\nTras varias semanas de especulaciones, finalmente la Justicia Electoral de C\u00f3rdoba oficializ\u00f3 este lunes la ruptura de Cambiemos en la provincia. Desde la Justicia hicieron lugar al pedido del PRO y el Frente C\u00edvico para ser desvinculados de la coalici\u00f3n.<br>\nLa jueza Marta Vidal dio a conocer el fallo donde sostiene que \u201cla constituci\u00f3n de alianzas transitorias se materializa con el acuerdo de entre dos o m\u00e1s partidos pol\u00edticos&#8221;. En ese marco, al no haber acuerdos y no poder cumplir con el requisito &#8220;corresponde dejar sin efecto&#8221; Cambiemos en C\u00f3rdoba.<br>\nEste lunes, los representantes del Frente C\u00edvico presentaron el pedido formal ante la Justicia para que desvincule al partido de la alianza Cambiemos. Lo propio hicieron desde el PRO y la jueza Vidal termin\u00f3 haciendo lugar al pedido.<br>\nDe esta manera, la f\u00f3rmula Mario Negri-H\u00e9ctor Baldassi conformar\u00e1n un frente electoral junto a Luis Juez, quien competir\u00e1 por la intendencia de C\u00f3rdoba, por fuera del sello Cambiemos. Por su parte, Ram\u00f3n Mestre competir\u00e1 en la hist\u00f3rica lista 3 de la Uni\u00f3n C\u00edvica Radical (UCR).<br>\nLa semana pasada, desde el sector de Mario Negri, impugnaron la elecci\u00f3n frente a la Junta Electoral por considerar que no estaban dadas las condiciones log\u00edsticas para realizarlas. Por su parte, Ram\u00f3n Mestre, se hab\u00eda mostrado optimista sobre la posibilidad de realizar los comicios.<br>\nEn declaraciones a la prensa, Mestre hab\u00eda adelantado el desenlace del conflicto pol\u00edtico en la provincia: &#8220;Si no se convalidan las internas, Cambiemos no tiene raz\u00f3n de ser\u201d, hab\u00eda manifestado el candidato.<\/p>\n","protected":false},"excerpt":{"rendered":"<p>La jueza Marta Vidal dio a conocer el fallo y de esta manera los radicales Negri y Mestre competir\u00e1n en listas separadas En las \u00faltimas horas la Justicia Electoral de la provincia acept\u00f3 el pedido del PRO para que lo desvinculara de la coalici\u00f3n oficialista. De esta manera queda oficializado que las dos listas que se disputan la gobernaci\u00f3n, los radicales Mario Negri y Ram\u00f3n Mestre, competir\u00e1n en listas separadas. Tras varias semanas de especulaciones, finalmente la Justicia Electoral de C\u00f3rdoba oficializ\u00f3 este lunes la ruptura de Cambiemos en la&#8230;<\/p>\n","protected":false},"author":3,"featured_media":41321,"comment_status":"closed","ping_status":"closed","sticky":false,"template":"","format":"standard","meta":[],"categories":[9],"tags":[],"_links":{"self":[{"href":"https:\/\/www.actualidadadiario.com\/index.php\/wp-json\/wp\/v2\/posts\/41662"}],"collection":[{"href":"https:\/\/www.actualidadadiario.com\/index.php\/wp-json\/wp\/v2\/posts"}],"about":[{"href":"https:\/\/www.actualidadadiario.com\/index.php\/wp-json\/wp\/v2\/types\/post"}],"author":[{"embeddable":true,"href":"https:\/\/www.actualidadadiario.com\/index.php\/wp-json\/wp\/v2\/users\/3"}],"replies":[{"embeddable":true,"href":"https:\/\/www.actualidadadiario.com\/index.php\/wp-json\/wp\/v2\/comments?post=41662"}],"version-history":[{"count":1,"href":"https:\/\/www.actualidadadiario.com\/index.php\/wp-json\/wp\/v2\/posts\/41662\/revisions"}],"predecessor-version":[{"id":41663,"href":"https:\/\/www.actualidadadiario.com\/index.php\/wp-json\/wp\/v2\/posts\/41662\/revisions\/41663"}],"wp:featuredmedia":[{"embeddable":true,"href":"https:\/\/www.actualidadadiario.com\/index.php\/wp-json\/wp\/v2\/media\/41321"}],"wp:attachment":[{"href":"https:\/\/www.actualidadadiario.com\/index.php\/wp-json\/wp\/v2\/media?parent=41662"}],"wp:term":[{"taxonomy":"category","embeddable":true,"href":"https:\/\/www.actualidadadiario.com\/index.php\/wp-json\/wp\/v2\/categories?post=41662"},{"taxonomy":"post_tag","embeddable":true,"href":"https:\/\/www.actualidadadiario.com\/index.php\/wp-json\/wp\/v2\/tags?post=41662"}],"curies":[{"name":"wp","href":"https:\/\/api.w.org\/{rel}","templated":true}]}}