{"id":41656,"date":"2019-03-12T09:49:07","date_gmt":"2019-03-12T12:49:07","guid":{"rendered":"https:\/\/www.actualidadadiario.com\/?p=41656"},"modified":"2019-05-06T20:52:40","modified_gmt":"2019-05-06T23:52:40","slug":"la-rosada-le-declara-la-guerra-a-mestre-y-pone-el-aparato-al-servicio-de-negri","status":"publish","type":"post","link":"https:\/\/www.actualidadadiario.com\/index.php\/2019\/03\/12\/la-rosada-le-declara-la-guerra-a-mestre-y-pone-el-aparato-al-servicio-de-negri\/","title":{"rendered":"La Rosada le declara la guerra a Mestre y pone el aparato al servicio de Negri"},"content":{"rendered":"\n<p><strong><em>Filtr\u00f3 encuestas que muestran m\u00e1s fuerte al candidato de Macri. Lilita se suma a la presi\u00f3n y le pide a Mestre un \u201cba\u00f1o de humildad\u201d. Har\u00e1n desfilar al gabinete en la campa\u00f1a para bancar al diputado<\/em><\/strong><\/p>\n\n\n\n<p><\/p>\n\n\n\n<p><\/p>\n\n\n\n<p>Clausurada la interna dentro del \u00e1mbito del Gobierno, la\nCasa Rosada juega en pleno por el jefe del interbloque Cambiemos, Mario Negri,\nen la interna de C\u00f3rdoba y desplaza al intendente de la ciudad capital, Ram\u00f3n\nMestre, mientras viraliza sondeos de opini\u00f3n para empujarlo con encuestas a que\ndeponga su candidatura.<\/p>\n\n\n\n<p>Minutos despu\u00e9s de confirmarse la decisi\u00f3n de la Mesa\nNacional de Cambiemos de dictaminar el libre albedr\u00edo en C\u00f3rdoba, la Casa\nRosada sali\u00f3 r\u00e1pidamente a mostrar su favoritismo por Negri, conocido desde\nhace meses. As\u00ed las cosas, ambos candidatos se presentar\u00e1n por separado: Mestre\nlo har\u00e1 bajo la plataforma de la Uni\u00f3n C\u00edvica Radical (UCR) y Negri aglutinar\u00e1\nal PRO, a un sector de la UCR, el partido de Luis Juez (Frente C\u00edvico), la Coalici\u00f3n\nC\u00edvica y otros partidos provinciales que acompa\u00f1an a Mauricio Macri. &#8220;Si\nno se arribara a un acuerdo en este sentido, la Mesa Nacional deja librada la\ndefinici\u00f3n de la estrategia electoral a los partidos del distrito&#8221;,\nfundament\u00f3 la Mesa Cambiemos.<\/p>\n","protected":false},"excerpt":{"rendered":"<p>Filtr\u00f3 encuestas que muestran m\u00e1s fuerte al candidato de Macri. Lilita se suma a la presi\u00f3n y le pide a Mestre un \u201cba\u00f1o de humildad\u201d. Har\u00e1n desfilar al gabinete en la campa\u00f1a para bancar al diputado Clausurada la interna dentro del \u00e1mbito del Gobierno, la Casa Rosada juega en pleno por el jefe del interbloque Cambiemos, Mario Negri, en la interna de C\u00f3rdoba y desplaza al intendente de la ciudad capital, Ram\u00f3n Mestre, mientras viraliza sondeos de opini\u00f3n para empujarlo con encuestas a que deponga su candidatura. Minutos despu\u00e9s de&#8230;<\/p>\n","protected":false},"author":3,"featured_media":41657,"comment_status":"closed","ping_status":"closed","sticky":false,"template":"","format":"standard","meta":[],"categories":[18],"tags":[],"_links":{"self":[{"href":"https:\/\/www.actualidadadiario.com\/index.php\/wp-json\/wp\/v2\/posts\/41656"}],"collection":[{"href":"https:\/\/www.actualidadadiario.com\/index.php\/wp-json\/wp\/v2\/posts"}],"about":[{"href":"https:\/\/www.actualidadadiario.com\/index.php\/wp-json\/wp\/v2\/types\/post"}],"author":[{"embeddable":true,"href":"https:\/\/www.actualidadadiario.com\/index.php\/wp-json\/wp\/v2\/users\/3"}],"replies":[{"embeddable":true,"href":"https:\/\/www.actualidadadiario.com\/index.php\/wp-json\/wp\/v2\/comments?post=41656"}],"version-history":[{"count":1,"href":"https:\/\/www.actualidadadiario.com\/index.php\/wp-json\/wp\/v2\/posts\/41656\/revisions"}],"predecessor-version":[{"id":41658,"href":"https:\/\/www.actualidadadiario.com\/index.php\/wp-json\/wp\/v2\/posts\/41656\/revisions\/41658"}],"wp:featuredmedia":[{"embeddable":true,"href":"https:\/\/www.actualidadadiario.com\/index.php\/wp-json\/wp\/v2\/media\/41657"}],"wp:attachment":[{"href":"https:\/\/www.actualidadadiario.com\/index.php\/wp-json\/wp\/v2\/media?parent=41656"}],"wp:term":[{"taxonomy":"category","embeddable":true,"href":"https:\/\/www.actualidadadiario.com\/index.php\/wp-json\/wp\/v2\/categories?post=41656"},{"taxonomy":"post_tag","embeddable":true,"href":"https:\/\/www.actualidadadiario.com\/index.php\/wp-json\/wp\/v2\/tags?post=41656"}],"curies":[{"name":"wp","href":"https:\/\/api.w.org\/{rel}","templated":true}]}}