{"id":41653,"date":"2019-03-12T09:48:27","date_gmt":"2019-03-12T12:48:27","guid":{"rendered":"https:\/\/www.actualidadadiario.com\/?p=41653"},"modified":"2019-05-06T20:52:10","modified_gmt":"2019-05-06T23:52:10","slug":"macri-irrumpio-en-la-cumbre-del-pro-para-sostener-su-candidatura","status":"publish","type":"post","link":"https:\/\/www.actualidadadiario.com\/index.php\/2019\/03\/12\/macri-irrumpio-en-la-cumbre-del-pro-para-sostener-su-candidatura\/","title":{"rendered":"Macri irrumpi\u00f3 en la cumbre del PRO para sostener su candidatura"},"content":{"rendered":"\n<p><strong><em>El presidente sorprendi\u00f3 a los propios funcionarios en Parque Norte, en medio de las versiones sobre el Plan V<\/em><\/strong><\/p>\n\n\n\n<p><\/p>\n\n\n\n<p><\/p>\n\n\n\n<p>Mauricio Macri sorprendi\u00f3 a sus propios subordinados al\nirrumpir por primera vez en a\u00f1os en el Consejo Nacional del PRO con el objeto\nde advertirle a su partido y al establishment de que \u00e9l ser\u00e1 el candidato a\npresidente de Cambiemos.<\/p>\n\n\n\n<p>&#8220;Este a\u00f1o va a ser fundacional para la Argentina que\nso\u00f1amos, no estamos ac\u00e1 a ver si ganamos una elecci\u00f3n sino para ver si podemos\nproducir entre todos ese cambio que incluya cada d\u00eda a m\u00e1s y m\u00e1s\nargentinos&#8221;, asegur\u00f3 el presidente al final del evento realizado en Parque\nNorte.<\/p>\n\n\n\n<p>&#8220;Es fundamental vencer el miedo y la resignaci\u00f3n de la\ncu\u00e1les tenemos muchos predicadores&#8221;, indic\u00f3 Macri, cuya presencia no era\nesperada por los funcionarios. De hecho, en la agenda del encuentro figuraba el\ncierre a cargo de Marcos Pe\u00f1a y Rogelio Frigerio.<\/p>\n\n\n\n<p>Su presencia no es un detalle menor, ya que se da justo\ncuando se alimentan las versiones del &#8220;Plan V&#8221; del Gobierno, que\nimplicar\u00eda que Macri no sea el candidato y que en su lugar vaya Mar\u00eda Eugenia\nVidal. Tambi\u00e9n fue un mensaje a los radicales, que especulan con presentar a\nMart\u00edn Lousteau en las primarias presidenciales de Cambiemos.<\/p>\n\n\n\n<p>&#8220;Me impact\u00f3 much\u00edsimo este \u00faltimo viaje a la India y\nVietnam porque vi pueblos sufridos&#8221;, describi\u00f3 Macri, que evit\u00f3 hablar de\nla crisis econ\u00f3mica argentina.<\/p>\n\n\n\n<p>Antes que Macri habl\u00f3 Pe\u00f1a, el jefe de gabinete y de\ncampa\u00f1a, y tambi\u00e9n marc\u00f3 la cancha: &#8220;El eje central de la campa\u00f1a es\nreelegir al presidente&#8221;, advirti\u00f3. Y reconoci\u00f3 el otro objetivo, impensado\ntras las elecciones de 2017: &#8220;Retener los cinco distritos que gobernamos&#8221;.\nPe\u00f1a hab\u00eda sido tajante el fin de semana tras brindar entrevistas a los diarios\nen las que dijo que Macri era el candidato y le lanz\u00f3 un dardo a Vidal:\n&#8220;Ella dijo que la provincia no es un trampol\u00edn&#8221;, dispar\u00f3.<\/p>\n\n\n\n<p>En la misma t\u00f3nica habl\u00f3 Frigerio, que se\u00f1al\u00f3 que &#8220;el\nobjetivo principal es que Mauricio Macri vuelva a ser presidente&#8221;. El\nministro del Interior se refiri\u00f3 de soslayo a la interna explotada de C\u00f3rdoba:\n&#8220;Las tensiones son l\u00f3gicas porque todos queremos ser protagonistas del\ncambio, pero no hay lugares para todos y adem\u00e1s hay compromisos por las\nalianzas&#8221;, asever\u00f3 y enfatiz\u00f3 que &#8220;la prioridad es agosto y\noctubre&#8221;.\n\nEn tanto que el secretario general del PRO,\nFrancisco Quintana, hizo un repaso del calendario electoral y de todos los\ncandidatos del Gobierno en el pa\u00eds. Y anticip\u00f3, en contacto con la prensa, que\nla mayor\u00eda de Cambiemos prefiere a Mario Negri por encima de Ram\u00f3n Mestre en\nC\u00f3rdoba\n\n\n\n<\/p>\n","protected":false},"excerpt":{"rendered":"<p>El presidente sorprendi\u00f3 a los propios funcionarios en Parque Norte, en medio de las versiones sobre el Plan V Mauricio Macri sorprendi\u00f3 a sus propios subordinados al irrumpir por primera vez en a\u00f1os en el Consejo Nacional del PRO con el objeto de advertirle a su partido y al establishment de que \u00e9l ser\u00e1 el candidato a presidente de Cambiemos. &#8220;Este a\u00f1o va a ser fundacional para la Argentina que so\u00f1amos, no estamos ac\u00e1 a ver si ganamos una elecci\u00f3n sino para ver si podemos producir entre todos ese cambio&#8230;<\/p>\n","protected":false},"author":3,"featured_media":41654,"comment_status":"closed","ping_status":"closed","sticky":false,"template":"","format":"standard","meta":[],"categories":[18],"tags":[],"_links":{"self":[{"href":"https:\/\/www.actualidadadiario.com\/index.php\/wp-json\/wp\/v2\/posts\/41653"}],"collection":[{"href":"https:\/\/www.actualidadadiario.com\/index.php\/wp-json\/wp\/v2\/posts"}],"about":[{"href":"https:\/\/www.actualidadadiario.com\/index.php\/wp-json\/wp\/v2\/types\/post"}],"author":[{"embeddable":true,"href":"https:\/\/www.actualidadadiario.com\/index.php\/wp-json\/wp\/v2\/users\/3"}],"replies":[{"embeddable":true,"href":"https:\/\/www.actualidadadiario.com\/index.php\/wp-json\/wp\/v2\/comments?post=41653"}],"version-history":[{"count":1,"href":"https:\/\/www.actualidadadiario.com\/index.php\/wp-json\/wp\/v2\/posts\/41653\/revisions"}],"predecessor-version":[{"id":41655,"href":"https:\/\/www.actualidadadiario.com\/index.php\/wp-json\/wp\/v2\/posts\/41653\/revisions\/41655"}],"wp:featuredmedia":[{"embeddable":true,"href":"https:\/\/www.actualidadadiario.com\/index.php\/wp-json\/wp\/v2\/media\/41654"}],"wp:attachment":[{"href":"https:\/\/www.actualidadadiario.com\/index.php\/wp-json\/wp\/v2\/media?parent=41653"}],"wp:term":[{"taxonomy":"category","embeddable":true,"href":"https:\/\/www.actualidadadiario.com\/index.php\/wp-json\/wp\/v2\/categories?post=41653"},{"taxonomy":"post_tag","embeddable":true,"href":"https:\/\/www.actualidadadiario.com\/index.php\/wp-json\/wp\/v2\/tags?post=41653"}],"curies":[{"name":"wp","href":"https:\/\/api.w.org\/{rel}","templated":true}]}}