{"id":41647,"date":"2019-03-12T09:46:51","date_gmt":"2019-03-12T12:46:51","guid":{"rendered":"https:\/\/www.actualidadadiario.com\/?p=41647"},"modified":"2019-05-06T20:53:59","modified_gmt":"2019-05-06T23:53:59","slug":"expertos-criticaron-el-uso-de-la-boleta-electronica-en-neuquen","status":"publish","type":"post","link":"https:\/\/www.actualidadadiario.com\/index.php\/2019\/03\/12\/expertos-criticaron-el-uso-de-la-boleta-electronica-en-neuquen\/","title":{"rendered":"Expertos criticaron el uso de la Boleta Electr\u00f3nica en Neuqu\u00e9n"},"content":{"rendered":"\n<p><strong><em>El debut del voto electr\u00f3nico en toda la provincia de Neuqu\u00e9n dej\u00f3 m\u00e1s dudas que certezas. M\u00e1s all\u00e1 del resultado de la elecci\u00f3n, que fue lo suficientemente amplio a favor del gobernador del Movimiento Popular Neuquino, Omar Guti\u00e9rrez, como para que no se cuestionara su triunfo, tanto fuerzas de la oposici\u00f3n como distintos especialistas en materia electoral desaconsejaron su uso en pr\u00f3ximas votaciones provinciales y reiteraron el rechazo al intento del Gobierno de Cambiemos para utilizarlo en las nacionales. Desde el kirchnerismo ratificaron los inconvenientes registrados durante el domingo y adelantaron que intentar\u00e1n convencer al mandatario reelecto para que desista de su implementaci\u00f3n en otras oportunidades<\/em><\/strong><\/p>\n\n\n\n<p><\/p>\n\n\n\n<p><\/p>\n\n\n\n<p>Debido a las m\u00faltiples dificultades para emitir el sufragio,\nla votaci\u00f3n en varias escuelas se extendi\u00f3 luego de las 18, momento en que\ndeb\u00eda cerrar el comicio. Distintas m\u00e1quinas fueron reemplazadas por\ndificultades para que los neuquinos pudieran efectivamente elegir a los\ncandidatos que quer\u00edan. En algunos casos deb\u00edan anular el voto y volver a\nemitirlo. Por este motivo, los resultados oficiales tambi\u00e9n tardaron bastante\nen conocerse, chocando as\u00ed con la principal ventaja que exaltan sus impulsores.\n<\/p>\n\n\n\n<p>\u201cQuiz\u00e1s el mayor problema de ese sistema inviable que es el\nvoto electr\u00f3nico es que cualquiera puede denunciar cualquier cosa. No importa\nsi es cierto o no. Porque nadie puede comprobar nada. Mucho menos un ciudadano\nno especializado. Papel y l\u00e1piz, siempre\u201d, asegur\u00f3 Pablo Secchi, titular de la\nONG Poder Ciudadano.<\/p>\n\n\n\n<p>El perito inform\u00e1tico Ariel Garbarz record\u00f3 que el sistema\nde Boleta \u00danica Electr\u00f3nica ya hab\u00eda sido cuestionado a nivel nacional durante\nlas audiencias realizadas en el Congreso Nacional. \u201cMostr\u00e9 como se cambian los\nvotos de las BUE sin tocarlas y as\u00ed ocurri\u00f3. Con un celular cargado con una app\nespecial se modifica la grabaci\u00f3n dentro del chip de la boleta\u201d, reflej\u00f3.<\/p>\n\n\n\n<p>La titular de la Fundaci\u00f3n V\u00eda Libre, Beatriz Busaniche,\nexplic\u00f3 que \u201cel proceso electoral tiene tres caracter\u00edsticas fundamentales: el\nsecreto del voto, que es la garant\u00eda de autonom\u00eda, que nadie pueda presionarte.\nLa integridad del voto, que quiere decir que el voto sea contado tal como lo\nemitiste. Y la tercera pata es la transparencia, que dota de legitimidad el\nproceso. Si es opaco para el ciudadano de a pie es imposible de auditar\u201d. En\nuna entrevista con La Naci\u00f3n+ afirm\u00f3 que \u201cno es posible en la teor\u00eda y mucho\nmenos en la pr\u00e1ctica, garantizar estas tres caracter\u00edsticas\u201d. La presidenta de\nTransparencia Internacional, la abogada argentina Delia Ferreira Rubio, tambi\u00e9n\nreprodujo en su cuenta de Twitter los cuestionamientos realizados por\nespecialistas en seguridad inform\u00e1tica como Javier Smaldone.<\/p>\n\n\n\n<p>Entre otros argumentos, se\u00f1alaron que en distintos pa\u00edses\ndel mundo en los que se us\u00f3 este sistema, se fue abandonando para volver al\nformato en papel.<\/p>\n","protected":false},"excerpt":{"rendered":"<p>El debut del voto electr\u00f3nico en toda la provincia de Neuqu\u00e9n dej\u00f3 m\u00e1s dudas que certezas. M\u00e1s all\u00e1 del resultado de la elecci\u00f3n, que fue lo suficientemente amplio a favor del gobernador del Movimiento Popular Neuquino, Omar Guti\u00e9rrez, como para que no se cuestionara su triunfo, tanto fuerzas de la oposici\u00f3n como distintos especialistas en materia electoral desaconsejaron su uso en pr\u00f3ximas votaciones provinciales y reiteraron el rechazo al intento del Gobierno de Cambiemos para utilizarlo en las nacionales. Desde el kirchnerismo ratificaron los inconvenientes registrados durante el domingo y&#8230;<\/p>\n","protected":false},"author":3,"featured_media":41648,"comment_status":"closed","ping_status":"closed","sticky":false,"template":"","format":"standard","meta":[],"categories":[9],"tags":[],"_links":{"self":[{"href":"https:\/\/www.actualidadadiario.com\/index.php\/wp-json\/wp\/v2\/posts\/41647"}],"collection":[{"href":"https:\/\/www.actualidadadiario.com\/index.php\/wp-json\/wp\/v2\/posts"}],"about":[{"href":"https:\/\/www.actualidadadiario.com\/index.php\/wp-json\/wp\/v2\/types\/post"}],"author":[{"embeddable":true,"href":"https:\/\/www.actualidadadiario.com\/index.php\/wp-json\/wp\/v2\/users\/3"}],"replies":[{"embeddable":true,"href":"https:\/\/www.actualidadadiario.com\/index.php\/wp-json\/wp\/v2\/comments?post=41647"}],"version-history":[{"count":1,"href":"https:\/\/www.actualidadadiario.com\/index.php\/wp-json\/wp\/v2\/posts\/41647\/revisions"}],"predecessor-version":[{"id":41649,"href":"https:\/\/www.actualidadadiario.com\/index.php\/wp-json\/wp\/v2\/posts\/41647\/revisions\/41649"}],"wp:featuredmedia":[{"embeddable":true,"href":"https:\/\/www.actualidadadiario.com\/index.php\/wp-json\/wp\/v2\/media\/41648"}],"wp:attachment":[{"href":"https:\/\/www.actualidadadiario.com\/index.php\/wp-json\/wp\/v2\/media?parent=41647"}],"wp:term":[{"taxonomy":"category","embeddable":true,"href":"https:\/\/www.actualidadadiario.com\/index.php\/wp-json\/wp\/v2\/categories?post=41647"},{"taxonomy":"post_tag","embeddable":true,"href":"https:\/\/www.actualidadadiario.com\/index.php\/wp-json\/wp\/v2\/tags?post=41647"}],"curies":[{"name":"wp","href":"https:\/\/api.w.org\/{rel}","templated":true}]}}