{"id":4157,"date":"2016-11-09T09:01:57","date_gmt":"2016-11-09T12:01:57","guid":{"rendered":"http:\/\/actualidadadiario.com\/site\/?p=4157"},"modified":"2016-11-09T09:01:57","modified_gmt":"2016-11-09T12:01:57","slug":"el-docente-que-denuncio-a-monsanto-sufrio-la-clausura-de-su-oficina-por-parte-de-la-unr","status":"publish","type":"post","link":"https:\/\/www.actualidadadiario.com\/index.php\/2016\/11\/09\/el-docente-que-denuncio-a-monsanto-sufrio-la-clausura-de-su-oficina-por-parte-de-la-unr\/","title":{"rendered":"El docente que denunci\u00f3 a Monsanto sufri\u00f3 la clausura de su oficina por parte de la UNR"},"content":{"rendered":"<p><em><strong>El m\u00e9dico argentino Dami\u00e1n Verze\u00f1assi denunci\u00f3 ser v\u00edctima del decano de la Facultad Nacional de Rosario, al encontrarse con su oficina cerrada con cadenas, donde se archivan 96.800 historias cl\u00ednicas de vecinos de Santa Fe, Entre R\u00edos, C\u00f3rdoba y Buenos Aires, quienes padecen enfermedades que antes de la instalaci\u00f3n de Monsanto y Bayer no exist\u00edan<\/strong><\/em><\/p>\n<p>&nbsp;<\/p>\n<p>&nbsp;<\/p>\n<p>&nbsp;<\/p>\n<p>El m\u00e9dico Dami\u00e1n Verze\u00f1assi, subsecretario acad\u00e9mico de la Facultad de Ciencias M\u00e9dicas de la Universidad Nacional de Rosario (UNR) expuso hace un mes en La Haya, Pa\u00edses Bajos ante el primer Tribunal Internacional Monsanto (TIM) donde denunci\u00f3 y mostr\u00f3 los resultados de trabajos epidemiol\u00f3gicos realizados en cuatro provincias de nuestro pa\u00eds, que revelan serios problemas de salud que no exist\u00edan antes de la instalaci\u00f3n de Monsanto, que data de 1996.<\/p>\n<p>&nbsp;<\/p>\n<p>Ahora, Verze\u00f1assi denunci\u00f3 que &#8220;el decano Ricardo Nidd inici\u00f3 una persecuci\u00f3n ideol\u00f3gica y acad\u00e9mica contra el equipo de docentes, graduados y alumnos que sostenemos las materias de Salud Socioambiental y Pr\u00e1citca Final, reconocidos espacios que acompa\u00f1an a pueblos y familias v\u00edctimas del modelo agropecuario dominante, con transg\u00e9nicos y agroqu\u00edmicos&#8221; y que por esa raz\u00f3n es v\u00edctima de la clausura con cadenas de la oficina donde se archivan 96.800 historias cl\u00ednicas de vecinos de Santa Fe, Entre R\u00edos, C\u00f3rdoba y Buenos Aires, que padecen enfermedades que antes de la instalaci\u00f3n de Monsanto y Bayer no exist\u00edan.<\/p>\n<p>&nbsp;<\/p>\n<p>&nbsp;<\/p>\n<p>&nbsp;<\/p>\n<p>El equipo de docentes coordinado por Verze\u00f1assi desarrolla desde hace seis a\u00f1os campamentos sanitarios que relevan la situaci\u00f3n sanitaria de pueblos y ciudades, donde cientos de estudiantes se instalan para censar a la poblaci\u00f3n. Estos 27 campamentos son una prueba acad\u00e9mica-cient\u00edfica sobre las consecuencias del modelo agropecuario.<\/p>\n<p>&nbsp;<\/p>\n<p>El equipo de Salud Socioambiental y Pr\u00e1ctica Final denuncia que est\u00e1n sufriendo presiones por parte del decano, Ricardo Nidd, cuentan que &#8220;la escalada tuvo su pico cuando ech\u00f3 de su cargo de Secretario de Extensi\u00f3n Universitaria de la facultad, al profesor adjunto de la Pr\u00e1ctica Final, Gast\u00f3n Palacios, quien d\u00edas antes hab\u00eda difundido en medios de comunicaci\u00f3n resultados de los campamentos sanitarios. Y tambi\u00e9n hizo lo mismo con la Subsecretar\u00eda de Bienestar estudiantil, a la co-responsable de la materia Salud Socioambiental, desde donde se garantiza la inclusi\u00f3n de estos temas en la curr\u00edcula m\u00e9dica, Giovana Bonisoli&#8221;.<\/p>\n<p>&nbsp;<\/p>\n<p>Seg\u00fan indic\u00f3 P\u00e1gina 12 de Rosario, el decano Nidd habr\u00eda mantenido reuniones con sectores vinculados al gobierno de Rosario y les habr\u00eda ofrecido la coordinaci\u00f3n de la materia Pr\u00e1ctica Final y con ello de los campamentos sanitarios, por lo que temen que el pr\u00f3ximo paso del decano sea echar a m\u00e1s docentes o que no renueve sus designaciones a fin de a\u00f1o, para as\u00ed desmantelar el Instituto de Salud Socioambiental y los campamentos sanitarios.<\/p>\n<p>&nbsp;<\/p>\n<p>&nbsp;<\/p>\n<p>&nbsp;<\/p>\n<p>&nbsp;<\/p>\n<p>&nbsp;<\/p>\n<p>En un comunicado, el equipo de Salud Socioambiental y Pr\u00e1ctica Final se expres\u00f3 as\u00ed:<\/p>\n<p>&nbsp;<\/p>\n<p>&#8220;Los docentes, graduados y estudiantes no tenemos dudas sobre el rol de la universidad p\u00fablica: estar al servicio del pueblo, libre de presiones del poder pol\u00edtico y\/o de las corporaciones. Lamentablemente, esta manera de defender la universidad p\u00fablica, de construir datos epidemiol\u00f3gicos desde y con las comunidades, de difundir los resultados que son propiedad de la gente y de nadie m\u00e1s, ha puesto en crisis muchos intereses empresarios y pol\u00edticos. Y las presiones han recrudecido en los \u00faltimos meses. Somos testigos de autoridades provinciales que se incomodan con nuestro trabajo y sugieren que lo ideal para la Facultad es que silenciemos los resultados de los campamentos sanitarios. Lo mismo han hecho representantes de la agroindustria. Y funcionales han sido actores internos de la pol\u00edtica universitaria, que se dicen &#8220;revolucionarios&#8221; y act\u00faan con las entidades patronales del agronegocios.<\/p>\n<p>&nbsp;<\/p>\n<p>Se nos acusa de hacer p\u00fablicos los resultados de los campamentos. Se nos acusa de viajar (aun cuando lo hacemos en nuestro per\u00edodo de licencia ordinaria) con el objetivo de difundir la situaci\u00f3n sanitaria de nuestros territorios en otros pa\u00edses. Se nos acusa de ser coherentes con los principios de la Reforma Universitaria.&#8221;<\/p>\n","protected":false},"excerpt":{"rendered":"<p>El m\u00e9dico argentino Dami\u00e1n Verze\u00f1assi denunci\u00f3 ser v\u00edctima del decano de la Facultad Nacional de Rosario, al encontrarse con su oficina cerrada con cadenas, donde se archivan 96.800 historias cl\u00ednicas de vecinos de Santa Fe, Entre R\u00edos, C\u00f3rdoba y Buenos Aires, quienes padecen enfermedades que antes de la instalaci\u00f3n de Monsanto y Bayer no exist\u00edan &nbsp; &nbsp; &nbsp; El m\u00e9dico Dami\u00e1n Verze\u00f1assi, subsecretario acad\u00e9mico de la Facultad de Ciencias M\u00e9dicas de la Universidad Nacional de Rosario (UNR) expuso hace un mes en La Haya, Pa\u00edses Bajos ante el primer Tribunal&#8230;<\/p>\n","protected":false},"author":3,"featured_media":4158,"comment_status":"closed","ping_status":"closed","sticky":false,"template":"","format":"standard","meta":[],"categories":[4],"tags":[],"_links":{"self":[{"href":"https:\/\/www.actualidadadiario.com\/index.php\/wp-json\/wp\/v2\/posts\/4157"}],"collection":[{"href":"https:\/\/www.actualidadadiario.com\/index.php\/wp-json\/wp\/v2\/posts"}],"about":[{"href":"https:\/\/www.actualidadadiario.com\/index.php\/wp-json\/wp\/v2\/types\/post"}],"author":[{"embeddable":true,"href":"https:\/\/www.actualidadadiario.com\/index.php\/wp-json\/wp\/v2\/users\/3"}],"replies":[{"embeddable":true,"href":"https:\/\/www.actualidadadiario.com\/index.php\/wp-json\/wp\/v2\/comments?post=4157"}],"version-history":[{"count":1,"href":"https:\/\/www.actualidadadiario.com\/index.php\/wp-json\/wp\/v2\/posts\/4157\/revisions"}],"predecessor-version":[{"id":4159,"href":"https:\/\/www.actualidadadiario.com\/index.php\/wp-json\/wp\/v2\/posts\/4157\/revisions\/4159"}],"wp:featuredmedia":[{"embeddable":true,"href":"https:\/\/www.actualidadadiario.com\/index.php\/wp-json\/wp\/v2\/media\/4158"}],"wp:attachment":[{"href":"https:\/\/www.actualidadadiario.com\/index.php\/wp-json\/wp\/v2\/media?parent=4157"}],"wp:term":[{"taxonomy":"category","embeddable":true,"href":"https:\/\/www.actualidadadiario.com\/index.php\/wp-json\/wp\/v2\/categories?post=4157"},{"taxonomy":"post_tag","embeddable":true,"href":"https:\/\/www.actualidadadiario.com\/index.php\/wp-json\/wp\/v2\/tags?post=4157"}],"curies":[{"name":"wp","href":"https:\/\/api.w.org\/{rel}","templated":true}]}}