{"id":4154,"date":"2016-11-08T10:51:08","date_gmt":"2016-11-08T13:51:08","guid":{"rendered":"http:\/\/actualidadadiario.com\/site\/?p=4154"},"modified":"2016-11-08T10:51:08","modified_gmt":"2016-11-08T13:51:08","slug":"comenzo-el-primer-juicio-contra-una-red-de-trata-impulsado-por-su-victima","status":"publish","type":"post","link":"https:\/\/www.actualidadadiario.com\/index.php\/2016\/11\/08\/comenzo-el-primer-juicio-contra-una-red-de-trata-impulsado-por-su-victima\/","title":{"rendered":"Comenz\u00f3 el primer juicio contra una red de trata impulsado por su v\u00edctima"},"content":{"rendered":"<p><em><strong>Por primera vez, una v\u00edctima de explotaci\u00f3n sexual, se presenta como querellante en la causa contra sus proxenetas y el Estado. Alika Kinan fue rescatada del local nocturno &#8220;Sheik&#8221; en octubre de 2012 junto a otras seis mujeres<\/strong><\/em><\/p>\n<p>&nbsp;<\/p>\n<p>&nbsp;<\/p>\n<p>&nbsp;<\/p>\n<p>&nbsp;<\/p>\n<p>&nbsp;<\/p>\n<p>&#8220;Mi primer paso a la libertad, un allanamiento, que incre\u00edble&#8221;, suelta Alika Kinan mientras relata su paso por la calle donde fue rescatada en octubre de 2012, junto con otras seis chicas v\u00edctimas de trata. All\u00ed funcionaba un local nocturno llamado &#8220;Sheik&#8221;. Fue liberada gracias a un operativo de Gendarmer\u00eda Nacional, junto con la municipalidad de Ushuaia.<\/p>\n<p>&nbsp;<\/p>\n<p>Kinan es la primera sobreviviente y v\u00edctima de trata que se presenta como querellante en el juicio a sus proxenetas y al Estado, por no protegerla. El hist\u00f3rico juicio empez\u00f3 este lunes a la ma\u00f1ana en la ciudad de Ushuaia y se estima que se extender\u00e1 a lo largo de toda la semana, por la cantidad de testigos que van a declarar.<\/p>\n<p>&nbsp;<\/p>\n<p>Son tres los imputados y est\u00e1n acusados de trasladar con fines de explotaci\u00f3n sexual, al menos a ocho mujeres en situaci\u00f3n de vulnerabilidad, al prost\u00edbulo &#8220;Sheik&#8221; que es uno de los m\u00e1s conocidos de la capital fueguina. Entre los acusados, est\u00e1 el due\u00f1o del local.<\/p>\n<p>&nbsp;<\/p>\n<p>El titular de la Procuradur\u00eda de Trata y Explotaci\u00f3n de Personas (Protex), Marcelo Colombo, viaj\u00f3 especialmente a la capital fueguina y est\u00e1 presente en el juicio.<\/p>\n<p>&nbsp;<\/p>\n<p>Marcelo Colombo le coment\u00f3 a Cosecha Roja que Alika &#8220;\u201cVa a declarar en una especie de C\u00e1mara Gesell. Le pedimos a la Fiscal\u00eda que disponga de la mayor seguridad posible. No habr\u00e1 testigos, no estar\u00e1n los acusados&#8221;.<\/p>\n<p>&nbsp;<\/p>\n<p>El debate con el que abri\u00f3 hoy el hist\u00f3rico juicio estar\u00e1 a cargo del Tribunal Oral en lo Criminal Federal de Tierra del Fuego, integrado por los jueces: Ana Mar\u00eda D\u2019Alessio, Luis Alberto Gim\u00e9nez y fue convocado para completar la integraci\u00f3n Enrique Guanziroli, magistrado del Tribunal Oral en lo Criminal Federal de Chubut, designado por la C\u00e1mara Federal de Casaci\u00f3n Penal y juzgar\u00e1n a Pedro Montoya e Ivana Garc\u00eda, due\u00f1os del prost\u00edbulo El Sheik, adem\u00e1s de Lucy Alberca Campos, encargada del lugar.<\/p>\n<p>&nbsp;<\/p>\n<p>Montoya y Garc\u00eda son juzgados \u201cpor los delitos de trata de personas con fines de explotaci\u00f3n sexual cometido mediante el abuso de la situaci\u00f3n de vulnerabilidad de las v\u00edctimas, en raz\u00f3n de ser siete la cantidad de v\u00edctimas, y por ser tres los imputados que actuaron de manera organizada\u201d, y Campos (32), en calidad de part\u00edcipe necesaria. La pena: de 4 a 10 a\u00f1os de prisi\u00f3n.<\/p>\n<p>&nbsp;<\/p>\n<p>Colombo tambi\u00e9n le dijo a P\u00e1gina 12 que la particularidad de este juicio, adem\u00e1s de ser querellante contra sus tratantes, es que se discutir\u00e1 dentro del proceso penal, la responsabilidad civil de la municipalidad de Ushuaia, que podr\u00eda derivar en la primera reparaci\u00f3n econ\u00f3mica que un tribunal oral federal podr\u00eda ordenar. &#8220;En la acci\u00f3n civil interpuesta y representada por la Defensor\u00eda General de la Naci\u00f3n se buscar\u00e1 algo dif\u00edcil: cuantificar econ\u00f3micamente el da\u00f1o ocasionado por el d\u00eda a d\u00eda padecido en un prost\u00edbulo\u201d.<\/p>\n","protected":false},"excerpt":{"rendered":"<p>Por primera vez, una v\u00edctima de explotaci\u00f3n sexual, se presenta como querellante en la causa contra sus proxenetas y el Estado. Alika Kinan fue rescatada del local nocturno &#8220;Sheik&#8221; en octubre de 2012 junto a otras seis mujeres &nbsp; &nbsp; &nbsp; &nbsp; &nbsp; &#8220;Mi primer paso a la libertad, un allanamiento, que incre\u00edble&#8221;, suelta Alika Kinan mientras relata su paso por la calle donde fue rescatada en octubre de 2012, junto con otras seis chicas v\u00edctimas de trata. All\u00ed funcionaba un local nocturno llamado &#8220;Sheik&#8221;. Fue liberada gracias a un&#8230;<\/p>\n","protected":false},"author":3,"featured_media":4155,"comment_status":"closed","ping_status":"closed","sticky":false,"template":"","format":"standard","meta":[],"categories":[4],"tags":[],"_links":{"self":[{"href":"https:\/\/www.actualidadadiario.com\/index.php\/wp-json\/wp\/v2\/posts\/4154"}],"collection":[{"href":"https:\/\/www.actualidadadiario.com\/index.php\/wp-json\/wp\/v2\/posts"}],"about":[{"href":"https:\/\/www.actualidadadiario.com\/index.php\/wp-json\/wp\/v2\/types\/post"}],"author":[{"embeddable":true,"href":"https:\/\/www.actualidadadiario.com\/index.php\/wp-json\/wp\/v2\/users\/3"}],"replies":[{"embeddable":true,"href":"https:\/\/www.actualidadadiario.com\/index.php\/wp-json\/wp\/v2\/comments?post=4154"}],"version-history":[{"count":1,"href":"https:\/\/www.actualidadadiario.com\/index.php\/wp-json\/wp\/v2\/posts\/4154\/revisions"}],"predecessor-version":[{"id":4156,"href":"https:\/\/www.actualidadadiario.com\/index.php\/wp-json\/wp\/v2\/posts\/4154\/revisions\/4156"}],"wp:featuredmedia":[{"embeddable":true,"href":"https:\/\/www.actualidadadiario.com\/index.php\/wp-json\/wp\/v2\/media\/4155"}],"wp:attachment":[{"href":"https:\/\/www.actualidadadiario.com\/index.php\/wp-json\/wp\/v2\/media?parent=4154"}],"wp:term":[{"taxonomy":"category","embeddable":true,"href":"https:\/\/www.actualidadadiario.com\/index.php\/wp-json\/wp\/v2\/categories?post=4154"},{"taxonomy":"post_tag","embeddable":true,"href":"https:\/\/www.actualidadadiario.com\/index.php\/wp-json\/wp\/v2\/tags?post=4154"}],"curies":[{"name":"wp","href":"https:\/\/api.w.org\/{rel}","templated":true}]}}