{"id":4142,"date":"2016-11-08T10:39:57","date_gmt":"2016-11-08T13:39:57","guid":{"rendered":"http:\/\/actualidadadiario.com\/site\/?p=4142"},"modified":"2016-11-08T10:39:57","modified_gmt":"2016-11-08T13:39:57","slug":"por-crisis-en-el-sector-la-cgt-recibe-a-referentes-pyme","status":"publish","type":"post","link":"https:\/\/www.actualidadadiario.com\/index.php\/2016\/11\/08\/por-crisis-en-el-sector-la-cgt-recibe-a-referentes-pyme\/","title":{"rendered":"Por crisis en el sector, la CGT recibe a referentes pyme"},"content":{"rendered":"<p><em><strong>Los principales referentes de la Confederaci\u00f3n General Empresaria de la Rep\u00fablica Argentina (CGERA) ser\u00e1n recibidos por la plana mayor de la Confederaci\u00f3n General del Trabajo (CGT) para analizar, en una agenda abierta, la dura situaci\u00f3n que atraviesan las pymes argentinas y el riesgo que esto significa para los trabajadores. El encuentro se desarrollar\u00e1 a las 15, en la sede central de la entidad obrera en la calle Azopardo<\/strong><\/em><\/p>\n<p>&nbsp;<\/p>\n<p>&nbsp;<\/p>\n<p>&nbsp;<\/p>\n<p>&nbsp;<\/p>\n<p>&nbsp;<\/p>\n<p>&#8220;Hace tiempo que venimos planeando esta reuni\u00f3n que no se pudo concretar la semana pasada por temas de agenda y la debimos posponer porque todos quer\u00edan estar. Hoy estaremos las autoridades y referentes de todos los sectores empresarios y trabajadores&#8221;, destac\u00f3 Marcelo Fern\u00e1ndez presidente de CGERA.<\/p>\n<p>&nbsp;<\/p>\n<p>&#8220;Las pymes somos quienes generamos el 70% del trabajo en la Argentina, por eso los dirigentes de la CGT saben que si las Pymes est\u00e1n en crisis, el empleo y los trabajadores tambi\u00e9n lo est\u00e1n. Estamos atravesando una situaci\u00f3n muy complicada, tenemos que trabajar en conjunto para garantizar la continuidad de las empresas y los puestos de trabajo&#8221;, afirm\u00f3 Fern\u00e1ndez.<\/p>\n<p>&nbsp;<\/p>\n<p>Seg\u00fan datos de la entidad empresaria, las PYMES est\u00e1n padeciendo un momento muy cr\u00edtico debido a la ca\u00edda continuada en las ventas, del orden de un 30% promedio durante este a\u00f1o; al aumento de las importaciones, de entre un 15% y un 25%; al alza de los costos de los insumos tras la devaluaci\u00f3n; y al incremento de las tarifas de todos los servicios p\u00fablicos.<\/p>\n<p>&nbsp;<\/p>\n<p>En esta l\u00ednea, el Presidente de CGERA se\u00f1al\u00f3 que buscar\u00e1n establecer una mesa de trabajo conjunta y permanente con la CGT que analice la coyuntura de los sectores pyme y proponga medidas al Gobierno Nacional para reactivar el consumo y la actividad. &#8220;En otros a\u00f1os funcion\u00f3 de manera exitosa una mesa de trabajo conjunta con la CGT, creemos que lleg\u00f3 el momento de volver a conformarla&#8221;, destac\u00f3 Fern\u00e1ndez.<\/p>\n<p>&nbsp;<\/p>\n<p>Por su parte, Ra\u00fal Zylbersztein, Secretario General de CGERA, se refiri\u00f3 al posible pago de un Bono Adicional que el Gobierno Nacional acord\u00f3 con algunos sectores. &#8220;El gobierno no invit\u00f3 a las entidades Pymes a la mesa Di\u00e1logo para la Producci\u00f3n y el Trabajo, por eso nos reuniremos en la CGT para dialogar y discutir soluciones que nos eviten cualquier conflicto con nuestros trabajadores&#8221;. &#8220;Son falsas las versiones period\u00edsticas que afirman que 3 de cada 10 empresas podr\u00e1n pagar el bono. Seg\u00fan un relevo en nuestras m\u00e1s de 60 c\u00e1maras, ninguna pyme est\u00e1 en condiciones de pagarlo debido a la dura realidad que est\u00e1n atravesando los sectores productivos&#8221;, complet\u00f3.<\/p>\n<p>&nbsp;<\/p>\n<p>Durante la \u00faltima reuni\u00f3n de Comisi\u00f3n Directiva de la entidad gremial empresaria, los presidentes de las distintas C\u00e1maras hab\u00edan coincidido en valorar &#8220;positivamente cualquier iniciativa que lleve a una mejora en el ingreso de los trabajadores argentinos&#8221;. Sin embargo, en dicho encuentro emitieron un comunicado remarcando que &#8220;las PYMES no pueden ser nuevamente castigadas oblig\u00e1ndolas a asumir costos extras que pongan en riesgo la continuidad de las fuentes laborales&#8221;.<\/p>\n","protected":false},"excerpt":{"rendered":"<p>Los principales referentes de la Confederaci\u00f3n General Empresaria de la Rep\u00fablica Argentina (CGERA) ser\u00e1n recibidos por la plana mayor de la Confederaci\u00f3n General del Trabajo (CGT) para analizar, en una agenda abierta, la dura situaci\u00f3n que atraviesan las pymes argentinas y el riesgo que esto significa para los trabajadores. El encuentro se desarrollar\u00e1 a las 15, en la sede central de la entidad obrera en la calle Azopardo &nbsp; &nbsp; &nbsp; &nbsp; &nbsp; &#8220;Hace tiempo que venimos planeando esta reuni\u00f3n que no se pudo concretar la semana pasada por temas&#8230;<\/p>\n","protected":false},"author":3,"featured_media":4143,"comment_status":"closed","ping_status":"closed","sticky":false,"template":"","format":"standard","meta":[],"categories":[18],"tags":[],"_links":{"self":[{"href":"https:\/\/www.actualidadadiario.com\/index.php\/wp-json\/wp\/v2\/posts\/4142"}],"collection":[{"href":"https:\/\/www.actualidadadiario.com\/index.php\/wp-json\/wp\/v2\/posts"}],"about":[{"href":"https:\/\/www.actualidadadiario.com\/index.php\/wp-json\/wp\/v2\/types\/post"}],"author":[{"embeddable":true,"href":"https:\/\/www.actualidadadiario.com\/index.php\/wp-json\/wp\/v2\/users\/3"}],"replies":[{"embeddable":true,"href":"https:\/\/www.actualidadadiario.com\/index.php\/wp-json\/wp\/v2\/comments?post=4142"}],"version-history":[{"count":1,"href":"https:\/\/www.actualidadadiario.com\/index.php\/wp-json\/wp\/v2\/posts\/4142\/revisions"}],"predecessor-version":[{"id":4144,"href":"https:\/\/www.actualidadadiario.com\/index.php\/wp-json\/wp\/v2\/posts\/4142\/revisions\/4144"}],"wp:featuredmedia":[{"embeddable":true,"href":"https:\/\/www.actualidadadiario.com\/index.php\/wp-json\/wp\/v2\/media\/4143"}],"wp:attachment":[{"href":"https:\/\/www.actualidadadiario.com\/index.php\/wp-json\/wp\/v2\/media?parent=4142"}],"wp:term":[{"taxonomy":"category","embeddable":true,"href":"https:\/\/www.actualidadadiario.com\/index.php\/wp-json\/wp\/v2\/categories?post=4142"},{"taxonomy":"post_tag","embeddable":true,"href":"https:\/\/www.actualidadadiario.com\/index.php\/wp-json\/wp\/v2\/tags?post=4142"}],"curies":[{"name":"wp","href":"https:\/\/api.w.org\/{rel}","templated":true}]}}