{"id":4136,"date":"2016-11-08T10:38:14","date_gmt":"2016-11-08T13:38:14","guid":{"rendered":"http:\/\/actualidadadiario.com\/site\/?p=4136"},"modified":"2016-11-08T10:38:14","modified_gmt":"2016-11-08T13:38:14","slug":"la-secretaria-de-dd-hh-nego-los-30-mil-desaparecidos-en-un-polemico-comunicado","status":"publish","type":"post","link":"https:\/\/www.actualidadadiario.com\/index.php\/2016\/11\/08\/la-secretaria-de-dd-hh-nego-los-30-mil-desaparecidos-en-un-polemico-comunicado\/","title":{"rendered":"La Secretar\u00eda de DD.HH. neg\u00f3 los 30 mil desaparecidos en un pol\u00e9mico comunicado"},"content":{"rendered":"<p><em><strong>Lo hizo a trav\u00e9s de un comunicado oficial por pedido de una pol\u00e9mica ONG que preside un abogado reconocido por sus duras consignas antikirchneristas<\/strong><\/em><\/p>\n<p>&nbsp;<\/p>\n<p>&nbsp;<\/p>\n<p>&nbsp;<\/p>\n<p>&nbsp;<\/p>\n<p>En sinton\u00eda con el discurso bajado desde el Gobierno durante los diez meses de gesti\u00f3n, ahora la Secretar\u00eda de Derechos Humanos de la Naci\u00f3n fue un paso m\u00e1s y emiti\u00f3 un comunicado oficial donde afirma que los desaparecidos durante el per\u00edodo 1976-1983 no son 30 mil y da su versi\u00f3n de las cifras de la cruel dictadura militar.<\/p>\n<p>&nbsp;<\/p>\n<p>El dato fue entregado por la secretar\u00eda de Claudio Avruj por pedido de la Asociaci\u00f3n Civil Ciudadanos Libres por la Calidad Institucional, una pol\u00e9mica ONG que preside un rabioso abogado antikirchnerista: Jos\u00e9 Magioncalda.<\/p>\n<p>&nbsp;<\/p>\n<p>&nbsp;<\/p>\n<p>&nbsp;<\/p>\n<p>&nbsp;<\/p>\n<p>&nbsp;<\/p>\n<p><strong>El comunicado completo:<\/strong><\/p>\n<p>La Secretar\u00eda de Derechos Humanos y Pluralismo Cultural de la Naci\u00f3n informa:<\/p>\n<p>Con fecha 16 de agosto de 2016, la Asociaci\u00f3n Civil Ciudadanos Libres por la Calidad Institucional, alegando el derecho al acceso a la informaci\u00f3n p\u00fablica, solicit\u00f3 a la Secretar\u00eda de Derechos Humanos y Pluralismo Cultural conocer &#8220;la cantidad de personas que se encuentren en situaci\u00f3n de desaparici\u00f3n forzada o que, habi\u00e9ndose encontrado en esa situaci\u00f3n hayan sido luego halladas sin vida&#8221;. El per\u00edodo sobre el cual se requiere dicha informaci\u00f3n corresponde al comprendido entre el 12 de octubre de 1973 y el 9 de diciembre de 1983.<\/p>\n<p>En virtud de la ley que ampara el derecho de cualquier ciudadano o asociaci\u00f3n al acceso a la informaci\u00f3n p\u00fablica, esta Secretar\u00eda dio curso de dicho requerimiento al equipo de trabajo del Registro Unificado de V\u00edctimas de Terrorismo de Estado (RUVTE), creado en 2013 en el \u00e1mbito del Area de Investigaci\u00f3n de la Secretar\u00eda de Derechos Humanos, y luego formalizado como programa ministerial en 2014 por Resoluci\u00f3n N\u00b0 1261 del Ministerio de Justicia y Derechos Humanos.<\/p>\n<p>El objetivo del Registro es la construcci\u00f3n de una matriz de datos de alcance nacional, en permanente estado de actualizaci\u00f3n, sobre las v\u00edctimas del accionar represivo ilegal del Estado Argentino y, en cumplimiento con lo dispuesto por la ley 26.691, de los Centros Clandestinos de detenci\u00f3n y otros lugares de reclusi\u00f3n utilizados por la fuerza represiva estatal.<\/p>\n<p>La Secretar\u00eda de Derechos Humanos y Pluralismo Cultural de la Naci\u00f3n, a trav\u00e9s del programa RUVTE registra a la fecha y para el per\u00edodo solicitado un total de 8571 v\u00edctimas debidamente formalizadas seg\u00fan el marco de referencia, de las cuales:<\/p>\n<p>&#8211; 7010 se consideran v\u00edctimas de desaparici\u00f3n forzada.<\/p>\n<p>&#8211; 1561 se consideran v\u00edctimas de asesinato.<\/p>\n<p>Se debe destacar que bajo ning\u00fan concepto debe considerarse este Registro como definitivo en la medida que permanentemente se siguen recibiendo nuevas denuncias y declaraciones testimoniales. En raz\u00f3n de lo expuesto, el n\u00famero de personas desaparecidas contin\u00faa siendo a la fecha indeterminado y toda cifra que pueda informarse resulta parcial y provisoria.<\/p>\n","protected":false},"excerpt":{"rendered":"<p>Lo hizo a trav\u00e9s de un comunicado oficial por pedido de una pol\u00e9mica ONG que preside un abogado reconocido por sus duras consignas antikirchneristas &nbsp; &nbsp; &nbsp; &nbsp; En sinton\u00eda con el discurso bajado desde el Gobierno durante los diez meses de gesti\u00f3n, ahora la Secretar\u00eda de Derechos Humanos de la Naci\u00f3n fue un paso m\u00e1s y emiti\u00f3 un comunicado oficial donde afirma que los desaparecidos durante el per\u00edodo 1976-1983 no son 30 mil y da su versi\u00f3n de las cifras de la cruel dictadura militar. &nbsp; El dato fue&#8230;<\/p>\n","protected":false},"author":3,"featured_media":4137,"comment_status":"closed","ping_status":"closed","sticky":false,"template":"","format":"standard","meta":[],"categories":[18],"tags":[],"_links":{"self":[{"href":"https:\/\/www.actualidadadiario.com\/index.php\/wp-json\/wp\/v2\/posts\/4136"}],"collection":[{"href":"https:\/\/www.actualidadadiario.com\/index.php\/wp-json\/wp\/v2\/posts"}],"about":[{"href":"https:\/\/www.actualidadadiario.com\/index.php\/wp-json\/wp\/v2\/types\/post"}],"author":[{"embeddable":true,"href":"https:\/\/www.actualidadadiario.com\/index.php\/wp-json\/wp\/v2\/users\/3"}],"replies":[{"embeddable":true,"href":"https:\/\/www.actualidadadiario.com\/index.php\/wp-json\/wp\/v2\/comments?post=4136"}],"version-history":[{"count":1,"href":"https:\/\/www.actualidadadiario.com\/index.php\/wp-json\/wp\/v2\/posts\/4136\/revisions"}],"predecessor-version":[{"id":4138,"href":"https:\/\/www.actualidadadiario.com\/index.php\/wp-json\/wp\/v2\/posts\/4136\/revisions\/4138"}],"wp:featuredmedia":[{"embeddable":true,"href":"https:\/\/www.actualidadadiario.com\/index.php\/wp-json\/wp\/v2\/media\/4137"}],"wp:attachment":[{"href":"https:\/\/www.actualidadadiario.com\/index.php\/wp-json\/wp\/v2\/media?parent=4136"}],"wp:term":[{"taxonomy":"category","embeddable":true,"href":"https:\/\/www.actualidadadiario.com\/index.php\/wp-json\/wp\/v2\/categories?post=4136"},{"taxonomy":"post_tag","embeddable":true,"href":"https:\/\/www.actualidadadiario.com\/index.php\/wp-json\/wp\/v2\/tags?post=4136"}],"curies":[{"name":"wp","href":"https:\/\/api.w.org\/{rel}","templated":true}]}}