{"id":4130,"date":"2016-11-08T10:22:57","date_gmt":"2016-11-08T13:22:57","guid":{"rendered":"http:\/\/actualidadadiario.com\/site\/?p=4130"},"modified":"2016-11-08T10:22:57","modified_gmt":"2016-11-08T13:22:57","slug":"iosper-advierte-sobre-el-significativo-aumento-de-los-casos-de-cancer-en-la-provincia","status":"publish","type":"post","link":"https:\/\/www.actualidadadiario.com\/index.php\/2016\/11\/08\/iosper-advierte-sobre-el-significativo-aumento-de-los-casos-de-cancer-en-la-provincia\/","title":{"rendered":"IOSPER advierte sobre el significativo aumento de los casos de c\u00e1ncer en la provincia"},"content":{"rendered":"<p><strong><em>Seg\u00fan el titular del Iosper, Fernando Ca\u00f1ete, se produjo \u201cun aumento del 40 por ciento en los casos mensuales que se registran en Entre R\u00edos con relaci\u00f3n a 2015\u201d \u00b7 Har\u00e1n un relevamiento<\/em><\/strong><\/p>\n<p>&nbsp;<\/p>\n<p>&nbsp;<\/p>\n<p>&nbsp;<\/p>\n<p>&nbsp;<\/p>\n<p>El presidente del Iosper, Fernando Ca\u00f1ete, expres\u00f3 la preocupaci\u00f3n que existe por el incremento en casi el 40 por ciento de los casos de c\u00e1ncer nuevos por mes en la provincia, seg\u00fan los registros oficiales que contiene a un tercio de los entrerrianos con obra social.<\/p>\n<p>&nbsp;<\/p>\n<p>\u201cVen\u00edamos con 35 a 38 casos nuevos por mes y pasamos a unos 56 y 58 por mes. Esto nos alerta, hemos pedido un relevamiento. Los principales casos son de mamas, colon, pr\u00f3stata y pulm\u00f3n\u201d, dijo Ca\u00f1ete.<\/p>\n<p>&nbsp;<\/p>\n<p>El funcionario revel\u00f3 luego que \u201cobservamos permanentemente cu\u00e1l es el sector que requiere mayor concentraci\u00f3n de los recursos prestacionales y ah\u00ed aparece un gran consumo de medicamentos oncol\u00f3gicos debido a un aumento en casi un 40 por ciento en los casos mensuales de c\u00e1ncer que se registran en la provincia, comparados con los del a\u00f1o pasado\u201d.<\/p>\n<p>&nbsp;<\/p>\n<p>Ca\u00f1ete expres\u00f3 a Radio M\u00e1xima que \u201cla situaci\u00f3n es preocupante\u201d y por eso pidi\u00f3 un relevamiento para ver si se puede determinar \u201csi existen zonas donde hay m\u00e1s concentraci\u00f3n de casos que en otras y tambi\u00e9n cu\u00e1les son los distintos tipos de la enfermedad que se dan, determinar las causales posibles y despu\u00e9s articular con Salud P\u00fablica la forma de hacer prevenci\u00f3n\u201d.<\/p>\n","protected":false},"excerpt":{"rendered":"<p>Seg\u00fan el titular del Iosper, Fernando Ca\u00f1ete, se produjo \u201cun aumento del 40 por ciento en los casos mensuales que se registran en Entre R\u00edos con relaci\u00f3n a 2015\u201d \u00b7 Har\u00e1n un relevamiento &nbsp; &nbsp; &nbsp; &nbsp; El presidente del Iosper, Fernando Ca\u00f1ete, expres\u00f3 la preocupaci\u00f3n que existe por el incremento en casi el 40 por ciento de los casos de c\u00e1ncer nuevos por mes en la provincia, seg\u00fan los registros oficiales que contiene a un tercio de los entrerrianos con obra social. &nbsp; \u201cVen\u00edamos con 35 a 38 casos&#8230;<\/p>\n","protected":false},"author":3,"featured_media":4131,"comment_status":"closed","ping_status":"closed","sticky":false,"template":"","format":"standard","meta":[],"categories":[15],"tags":[],"_links":{"self":[{"href":"https:\/\/www.actualidadadiario.com\/index.php\/wp-json\/wp\/v2\/posts\/4130"}],"collection":[{"href":"https:\/\/www.actualidadadiario.com\/index.php\/wp-json\/wp\/v2\/posts"}],"about":[{"href":"https:\/\/www.actualidadadiario.com\/index.php\/wp-json\/wp\/v2\/types\/post"}],"author":[{"embeddable":true,"href":"https:\/\/www.actualidadadiario.com\/index.php\/wp-json\/wp\/v2\/users\/3"}],"replies":[{"embeddable":true,"href":"https:\/\/www.actualidadadiario.com\/index.php\/wp-json\/wp\/v2\/comments?post=4130"}],"version-history":[{"count":1,"href":"https:\/\/www.actualidadadiario.com\/index.php\/wp-json\/wp\/v2\/posts\/4130\/revisions"}],"predecessor-version":[{"id":4132,"href":"https:\/\/www.actualidadadiario.com\/index.php\/wp-json\/wp\/v2\/posts\/4130\/revisions\/4132"}],"wp:featuredmedia":[{"embeddable":true,"href":"https:\/\/www.actualidadadiario.com\/index.php\/wp-json\/wp\/v2\/media\/4131"}],"wp:attachment":[{"href":"https:\/\/www.actualidadadiario.com\/index.php\/wp-json\/wp\/v2\/media?parent=4130"}],"wp:term":[{"taxonomy":"category","embeddable":true,"href":"https:\/\/www.actualidadadiario.com\/index.php\/wp-json\/wp\/v2\/categories?post=4130"},{"taxonomy":"post_tag","embeddable":true,"href":"https:\/\/www.actualidadadiario.com\/index.php\/wp-json\/wp\/v2\/tags?post=4130"}],"curies":[{"name":"wp","href":"https:\/\/api.w.org\/{rel}","templated":true}]}}