{"id":4127,"date":"2016-11-08T10:22:08","date_gmt":"2016-11-08T13:22:08","guid":{"rendered":"http:\/\/actualidadadiario.com\/site\/?p=4127"},"modified":"2016-11-08T10:22:08","modified_gmt":"2016-11-08T13:22:08","slug":"el-parte-medico-de-la-mujer-baleada-en-benito-legeren-es-dramatico","status":"publish","type":"post","link":"https:\/\/www.actualidadadiario.com\/index.php\/2016\/11\/08\/el-parte-medico-de-la-mujer-baleada-en-benito-legeren-es-dramatico\/","title":{"rendered":"El parte m\u00e9dico de la mujer baleada en Benito Leger\u00e9n es dram\u00e1tico"},"content":{"rendered":"<p><em><strong>Desde el hospital Delicia Concepci\u00f3n Masvernat se precis\u00f3 el estado de Evangelina Eugenia Moledo, la mujer baleada por su ex pareja en la tarde de este domingo. La paciente presenta un solo disparo en el cuello<\/strong><\/em><\/p>\n<p>&nbsp;<\/p>\n<p>&nbsp;<\/p>\n<p>&nbsp;<\/p>\n<p>&nbsp;<\/p>\n<p>Si bien en un primer momento la informaci\u00f3n oficial se\u00f1alaba que la mujer presentaba dos heridas de bala, el trabajo de los m\u00e9dicos del quir\u00f3fano del hospital Masvernat pudo precisar que Evangelina solo recibi\u00f3 una bala en la altura del cuello. Fue el mismo proyectil que luego peg\u00f3 a la altura del hombro.<\/p>\n<p>&nbsp;<\/p>\n<p>Pasadas las 8 de la ma\u00f1ana, la paciente fue sometida a una tomograf\u00eda que confirm\u00f3 un parte muy delicado, ya que el proyectil afect\u00f3 la arteria yugular y provoc\u00f3 una importante p\u00e9rdida de sangre. Pero tambi\u00e9n impact\u00f3 y fractur\u00f3 la quinta v\u00e9rtebra de la columna vertical. Una lesi\u00f3n, esta \u00faltima, que podr\u00eda tener graves secuelas motrices.<\/p>\n<p>&nbsp;<\/p>\n<p>Evangelina, de 33 a\u00f1os de edad y madre de una nena de 3 y una adolescente de 13, sigue internada en un estado grav\u00edsimo en la Unidad de Terapia Intensiva del hospital Masvernat.<\/p>\n<p>Vale remarcar que la paciente ingres\u00f3 \u201csin signos vitales\u201d a la guardia del nosocomio, donde el trabajo de RCP \u201clogr\u00f3 sacarla del paro\u201d y de inmediato ingresarla al quir\u00f3fano donde se la estabiliz\u00f3, en un cuadro que sigue siendo sumamente delicado.<\/p>\n","protected":false},"excerpt":{"rendered":"<p>Desde el hospital Delicia Concepci\u00f3n Masvernat se precis\u00f3 el estado de Evangelina Eugenia Moledo, la mujer baleada por su ex pareja en la tarde de este domingo. La paciente presenta un solo disparo en el cuello &nbsp; &nbsp; &nbsp; &nbsp; Si bien en un primer momento la informaci\u00f3n oficial se\u00f1alaba que la mujer presentaba dos heridas de bala, el trabajo de los m\u00e9dicos del quir\u00f3fano del hospital Masvernat pudo precisar que Evangelina solo recibi\u00f3 una bala en la altura del cuello. Fue el mismo proyectil que luego peg\u00f3 a la&#8230;<\/p>\n","protected":false},"author":3,"featured_media":4128,"comment_status":"closed","ping_status":"closed","sticky":false,"template":"","format":"standard","meta":[],"categories":[15],"tags":[],"_links":{"self":[{"href":"https:\/\/www.actualidadadiario.com\/index.php\/wp-json\/wp\/v2\/posts\/4127"}],"collection":[{"href":"https:\/\/www.actualidadadiario.com\/index.php\/wp-json\/wp\/v2\/posts"}],"about":[{"href":"https:\/\/www.actualidadadiario.com\/index.php\/wp-json\/wp\/v2\/types\/post"}],"author":[{"embeddable":true,"href":"https:\/\/www.actualidadadiario.com\/index.php\/wp-json\/wp\/v2\/users\/3"}],"replies":[{"embeddable":true,"href":"https:\/\/www.actualidadadiario.com\/index.php\/wp-json\/wp\/v2\/comments?post=4127"}],"version-history":[{"count":1,"href":"https:\/\/www.actualidadadiario.com\/index.php\/wp-json\/wp\/v2\/posts\/4127\/revisions"}],"predecessor-version":[{"id":4129,"href":"https:\/\/www.actualidadadiario.com\/index.php\/wp-json\/wp\/v2\/posts\/4127\/revisions\/4129"}],"wp:featuredmedia":[{"embeddable":true,"href":"https:\/\/www.actualidadadiario.com\/index.php\/wp-json\/wp\/v2\/media\/4128"}],"wp:attachment":[{"href":"https:\/\/www.actualidadadiario.com\/index.php\/wp-json\/wp\/v2\/media?parent=4127"}],"wp:term":[{"taxonomy":"category","embeddable":true,"href":"https:\/\/www.actualidadadiario.com\/index.php\/wp-json\/wp\/v2\/categories?post=4127"},{"taxonomy":"post_tag","embeddable":true,"href":"https:\/\/www.actualidadadiario.com\/index.php\/wp-json\/wp\/v2\/tags?post=4127"}],"curies":[{"name":"wp","href":"https:\/\/api.w.org\/{rel}","templated":true}]}}