{"id":4124,"date":"2016-11-08T10:21:17","date_gmt":"2016-11-08T13:21:17","guid":{"rendered":"http:\/\/actualidadadiario.com\/site\/?p=4124"},"modified":"2016-11-08T10:21:17","modified_gmt":"2016-11-08T13:21:17","slug":"urribarri-dijo-que-la-matriz-de-los-hechos-del-fin-de-semana-esta-en-el-machismo-que-no-admite-un-cambio-cultural","status":"publish","type":"post","link":"https:\/\/www.actualidadadiario.com\/index.php\/2016\/11\/08\/urribarri-dijo-que-la-matriz-de-los-hechos-del-fin-de-semana-esta-en-el-machismo-que-no-admite-un-cambio-cultural\/","title":{"rendered":"Urribarri dijo que la matriz de los hechos del fin de semana est\u00e1 \u201cen el machismo\u201d que no admite \u201cun cambio cultural\u201d"},"content":{"rendered":"<p><em><strong>Tras los hechos ocurridos durante el fin de semana en la provincia de Entre R\u00edos, el Ministro del Gobierno dijo estar &#8220;muy conmovido\u201d y apunt\u00f3 a \u201creacciones machistas&#8221; que no aceptan &#8220;la igualdad de g\u00e9nero y protagonismo de las mujeres&#8221;<\/strong><\/em><\/p>\n<p>&nbsp;<\/p>\n<p>&nbsp;<\/p>\n<p>&nbsp;<\/p>\n<p>&nbsp;<\/p>\n<p>Mauro Urribarri dijo estar &#8220;muy conmovido, como seguramente todos los vecinos, por los hechos acontecidos en Paran\u00e1, Concordia y hoy (lunes) a la madrugada en Concepci\u00f3n del Uruguay. Estos femicidios nos causan indignaci\u00f3n y un profundo dolor&#8221;, dijo el funcionario en declaraciones a la radio LT 14 de Paran\u00e1.<\/p>\n<p>&nbsp;<\/p>\n<p>Respecto a las responsabilidades para prever este tipo de hechos, a pesar de que en algunos casos exist\u00edan medidas de restricci\u00f3n o denuncia previa, Urribarri explic\u00f3 que &#8220;la polic\u00eda act\u00faa cuando se viola la restricci\u00f3n y hay una denuncia&#8221;, aunque tambi\u00e9n se\u00f1al\u00f3 que &#8220;no es un tema particular de la Justicia&#8221;, sino que &#8220;tenemos que articular a los tres poderes del Estado y trabajar con una perspectiva de g\u00e9nero&#8221;, aclarando que &#8220;es algo que ya est\u00e1 en la agenda&#8221;.<\/p>\n<p>&nbsp;<\/p>\n<p>Para el funcionario, la sociedad atraviesa una etapa de cambios culturales donde la mujer gana espacios y poder de decisi\u00f3n, que &#8221; lleva a reacciones totalmente irracionales, desmedidas, extremas\u201d, por parte de quienes pregonan \u201cel machismo que no acepta que la mujer est\u00e9 llegando a lugares por los que lucho hace tanto tiempo&#8221;.<\/p>\n<p>&nbsp;<\/p>\n<p>Yendo a una profundizaci\u00f3n de lo que genera tragedias como las del fin de semana, el ministro insisti\u00f3 en que \u201ceste camino de la igualdad de g\u00e9nero y el protagonismo de la mujer en la sociedad, no es aceptado por la cultura machista de este pa\u00eds y se generan hechos lamentables como estos\u201d. Se\u00f1alando que si bien los hechos se concentraron este fin de semana en la provincia \u201cesto lamentablemente no pasa solamente en Entre R\u00edos, sino en varias ciudades del pa\u00eds&#8221;.<\/p>\n<p>&nbsp;<\/p>\n<p>Para el titular de la cartera de gobierno se debe profundizar el trabajo de analizar estos problemas \u201ccon perspectiva de g\u00e9nero&#8221;, trayendo a colaci\u00f3n que, m\u00e1s all\u00e1 de la tragedia, se avanz\u00f3 con detalles que no son menores, ya que hasta no hace mucho, hecho como los del fin de semana &#8220;eran cr\u00edmenes pasionales para la agenda p\u00fablica y ahora est\u00e1 claro que son femicidios. Eso ha cambiado&#8221;, subray\u00f3 Urribarri.<\/p>\n","protected":false},"excerpt":{"rendered":"<p>Tras los hechos ocurridos durante el fin de semana en la provincia de Entre R\u00edos, el Ministro del Gobierno dijo estar &#8220;muy conmovido\u201d y apunt\u00f3 a \u201creacciones machistas&#8221; que no aceptan &#8220;la igualdad de g\u00e9nero y protagonismo de las mujeres&#8221; &nbsp; &nbsp; &nbsp; &nbsp; Mauro Urribarri dijo estar &#8220;muy conmovido, como seguramente todos los vecinos, por los hechos acontecidos en Paran\u00e1, Concordia y hoy (lunes) a la madrugada en Concepci\u00f3n del Uruguay. Estos femicidios nos causan indignaci\u00f3n y un profundo dolor&#8221;, dijo el funcionario en declaraciones a la radio LT&#8230;<\/p>\n","protected":false},"author":3,"featured_media":4125,"comment_status":"closed","ping_status":"closed","sticky":false,"template":"","format":"standard","meta":[],"categories":[15],"tags":[],"_links":{"self":[{"href":"https:\/\/www.actualidadadiario.com\/index.php\/wp-json\/wp\/v2\/posts\/4124"}],"collection":[{"href":"https:\/\/www.actualidadadiario.com\/index.php\/wp-json\/wp\/v2\/posts"}],"about":[{"href":"https:\/\/www.actualidadadiario.com\/index.php\/wp-json\/wp\/v2\/types\/post"}],"author":[{"embeddable":true,"href":"https:\/\/www.actualidadadiario.com\/index.php\/wp-json\/wp\/v2\/users\/3"}],"replies":[{"embeddable":true,"href":"https:\/\/www.actualidadadiario.com\/index.php\/wp-json\/wp\/v2\/comments?post=4124"}],"version-history":[{"count":1,"href":"https:\/\/www.actualidadadiario.com\/index.php\/wp-json\/wp\/v2\/posts\/4124\/revisions"}],"predecessor-version":[{"id":4126,"href":"https:\/\/www.actualidadadiario.com\/index.php\/wp-json\/wp\/v2\/posts\/4124\/revisions\/4126"}],"wp:featuredmedia":[{"embeddable":true,"href":"https:\/\/www.actualidadadiario.com\/index.php\/wp-json\/wp\/v2\/media\/4125"}],"wp:attachment":[{"href":"https:\/\/www.actualidadadiario.com\/index.php\/wp-json\/wp\/v2\/media?parent=4124"}],"wp:term":[{"taxonomy":"category","embeddable":true,"href":"https:\/\/www.actualidadadiario.com\/index.php\/wp-json\/wp\/v2\/categories?post=4124"},{"taxonomy":"post_tag","embeddable":true,"href":"https:\/\/www.actualidadadiario.com\/index.php\/wp-json\/wp\/v2\/tags?post=4124"}],"curies":[{"name":"wp","href":"https:\/\/api.w.org\/{rel}","templated":true}]}}