{"id":41236,"date":"2019-03-05T11:37:02","date_gmt":"2019-03-05T14:37:02","guid":{"rendered":"https:\/\/www.actualidadadiario.com\/?p=41236"},"modified":"2019-05-06T20:50:23","modified_gmt":"2019-05-06T23:50:23","slug":"sin-acuerdo-para-ir-a-las-paso-la-ucr-patea-la-definicion-para-la-convencion","status":"publish","type":"post","link":"https:\/\/www.actualidadadiario.com\/index.php\/2019\/03\/05\/sin-acuerdo-para-ir-a-las-paso-la-ucr-patea-la-definicion-para-la-convencion\/","title":{"rendered":"Sin acuerdo para ir a las PASO, la UCR patea la definici\u00f3n para la Convenci\u00f3n"},"content":{"rendered":"<p><em><strong>El radicalismo mantiene su vinculaci\u00f3n a Cambiemos, pero no define si busca candidato presidencial propio. Los gobernadores se abroquelan y apoyan al Gobierno. Colombi dijo que el candidato es Macri<\/strong><\/em><\/p>\n<p>&nbsp;<\/p>\n<p>&nbsp;<\/p>\n<p>&nbsp;<\/p>\n<p>&#8220;Entiendo que se gener\u00f3 mucha expectativa, pero de esta jornada no va salir ninguna resoluci\u00f3n ni conclusi\u00f3n. De aqu\u00ed no va\u00a0 salir ninguna estrategia nacional, el objetivo es hacerlo en la Convenci\u00f3n&#8221;. El presidente de la Uni\u00f3n C\u00edvica Radical (UCR) y gobernador de Mendoza, Alfredo Cornejo, le baj\u00f3 el tono a la cumbre del radicalismo en la provincia de Corrientes y admiti\u00f3 que el centenario partido dejar\u00e1 para la Convenci\u00f3n Nacional partidaria, a\u00fan sin fecha y lugar, las dos definiciones claves del 2019: insistir con la coalici\u00f3n Cambiemos, que tambi\u00e9n integran el PRO y la Coalici\u00f3n C\u00edvica, y, si prospera el esquema de alianzas del 2015, determinar si habr\u00e1 un candidato presidencial propio del radicalismo que enfrente a Mauricio Macri en una PASO.<\/p>\n<p>Un sector de la UCR, en un claro gesto a la Casa Rosada, busc\u00f3 moderar la expectativa y limit\u00f3, al menos discursivamente, la foto de los popes del radicalismo a un encuentro vinculado a la promoci\u00f3n tur\u00edsticas de las tres provincias gobernadas por el partido (Mendoza, Jujuy, Corrientes). Los mandatarios Cornejo, Gerardo Morales (Jujuy), Gustavo Vald\u00e9s (Corrientes) y el vicegobernador de la provincia de Buenos Aires, Daniel Salvador, se abroquelaron y, mediante conferencia de prensa, ratificaron su permanencia en Cambiemos.<\/p>\n<p>&#8220;Las razones que dieron origen a Cambiemos, all\u00e1 en 2015, siguen vigentes. No queremos retroceder a la Argentina de un populismo que le ha hecho da\u00f1o a pobres, clase media y sector productivo. Las mismas razones por las que nos juntamos en 2015 est\u00e1n vivas&#8221;, sostuvo el presidente del radicalismo nacional. No obstante, envi\u00f3 una cr\u00edtica a la Casa Rosada por la crisis econ\u00f3mica: &#8220;Est\u00e1n muchos de los mismos problemas como la pobreza, la inflaci\u00f3n, una econom\u00eda que no est\u00e1 sana&#8221;. Y agreg\u00f3: &#8220;Si bien vale la autocr\u00edtica desde lo pol\u00edtica por no haber resuelto estos problemas en estos tres a\u00f1os, tambi\u00e9n vale una cr\u00edtica a quienes han manejado la pol\u00edtica econ\u00f3mica&#8221;.<\/p>\n<p>Para Cornejo, que hablo en nombre de los gobernadores radicales,\u00a0 &#8220;esas mismas razones nos alientan y se\u00f1alan que de la misma forma que en 2015 cre\u00edmos que este era el mejor veh\u00edculo para ofrecerle representatividad a un amplio sector de la Argentina seguimos pensando lo mismo&#8221;.\u00a0 Por otra parte, Cornejo no esquiv\u00f3 la presi\u00f3n y sostuvo que se intercambiaron discusiones pol\u00edticas y se &#8220;analiz\u00f3&#8221; la estrategia del radicalismo en cada provincia.<\/p>\n<p>Horas despu\u00e9s, los gobernadores se encontraron con integrantes del Comit\u00e9 Nacional de la UCR y la Mesa Nacional Cambiemos en el Hotel de Turismo de la capital correntina. Estuvieron el jefe del interbloque Cambiemos en Diputados, Mario Negri, el diputado Jos\u00e9 Cano, los senadores Luis Naidenoff, Eduardo Costa y \u00c1ngel Rozas, el precandidato a gobernador de Santa Fe por Cambiemos, Jos\u00e9 Corral, el ex gobernador de Corrientes Ricardo Colombi y el hist\u00f3rico operador y presidente de la Comisi\u00f3n de Acci\u00f3n Pol\u00edtica partidaria, Enrique &#8220;Coti&#8221; Nosiglia.<\/p>\n<p>La cumbre de Corrientes no hizo m\u00e1s que volver a marcar la divisi\u00f3n de aguas dentro de la UCR, entre quienes quieren rivalizar con el Gobierno y quienes promocionan una PASO entre Macri y un candidato radical para dirimir el candidato a presidente de Cambiemos. Mientras Cornejo y los gobernadores ped\u00edan posponer el debate sobre la PASO en Cambiemos, el titular de la Convenci\u00f3n Nacional, Jorge Sappia, sostuvo que &#8220;el radicalismo tiene que ir a internas con una lista propia&#8221;. &#8220;Aceptaron toda la suma de errores y de las decisiones que, aparte de no ser las correctas, no tienen absolutamente nada que ver con las ideas del radicalismo desde el punto de vista de las ideas pol\u00edticas&#8221;, bram\u00f3 en di\u00e1logo con Cadena 3.<\/p>\n<p>En tanto, Colombi sostuvo, en di\u00e1logo con Radio Dos de Corrientes, que el \u00fanico candidato es Macri. &#8220;El candidato es el presidente Macri, ese es el camino m\u00e1s seguro para el pa\u00eds\u201d, explic\u00f3 y reclam\u00f3 que la c\u00fapula de la UCR pida m\u00e1s espacio en la mesa de discusi\u00f3n pol\u00edtica y electoral del Gobierno. A su vez, el juje\u00f1o Morales adelant\u00f3 que los radicales &#8220;no vamos a hacer nada que debilite al Presidente&#8221;. &#8220;Es quien lidera Cambiemos&#8221;, admiti\u00f3.<\/p>\n<p>Adem\u00e1s de la reuni\u00f3n de la c\u00fapula de la UCR, los tres gobernadores se encontraron con Negri y su rival en la interna de Cambiemos en C\u00f3rdoba, el intendente Ram\u00f3n Mestre. Cornejo, Vald\u00e9s y Morales escucharon las posiciones de ambos, pero no hubo definiciones.<\/p>\n","protected":false},"excerpt":{"rendered":"<p>El radicalismo mantiene su vinculaci\u00f3n a Cambiemos, pero no define si busca candidato presidencial propio. Los gobernadores se abroquelan y apoyan al Gobierno. Colombi dijo que el candidato es Macri &nbsp; &nbsp; &nbsp; &#8220;Entiendo que se gener\u00f3 mucha expectativa, pero de esta jornada no va salir ninguna resoluci\u00f3n ni conclusi\u00f3n. De aqu\u00ed no va\u00a0 salir ninguna estrategia nacional, el objetivo es hacerlo en la Convenci\u00f3n&#8221;. El presidente de la Uni\u00f3n C\u00edvica Radical (UCR) y gobernador de Mendoza, Alfredo Cornejo, le baj\u00f3 el tono a la cumbre del radicalismo en la&#8230;<\/p>\n","protected":false},"author":3,"featured_media":41237,"comment_status":"closed","ping_status":"closed","sticky":false,"template":"","format":"standard","meta":[],"categories":[9],"tags":[],"_links":{"self":[{"href":"https:\/\/www.actualidadadiario.com\/index.php\/wp-json\/wp\/v2\/posts\/41236"}],"collection":[{"href":"https:\/\/www.actualidadadiario.com\/index.php\/wp-json\/wp\/v2\/posts"}],"about":[{"href":"https:\/\/www.actualidadadiario.com\/index.php\/wp-json\/wp\/v2\/types\/post"}],"author":[{"embeddable":true,"href":"https:\/\/www.actualidadadiario.com\/index.php\/wp-json\/wp\/v2\/users\/3"}],"replies":[{"embeddable":true,"href":"https:\/\/www.actualidadadiario.com\/index.php\/wp-json\/wp\/v2\/comments?post=41236"}],"version-history":[{"count":1,"href":"https:\/\/www.actualidadadiario.com\/index.php\/wp-json\/wp\/v2\/posts\/41236\/revisions"}],"predecessor-version":[{"id":41238,"href":"https:\/\/www.actualidadadiario.com\/index.php\/wp-json\/wp\/v2\/posts\/41236\/revisions\/41238"}],"wp:featuredmedia":[{"embeddable":true,"href":"https:\/\/www.actualidadadiario.com\/index.php\/wp-json\/wp\/v2\/media\/41237"}],"wp:attachment":[{"href":"https:\/\/www.actualidadadiario.com\/index.php\/wp-json\/wp\/v2\/media?parent=41236"}],"wp:term":[{"taxonomy":"category","embeddable":true,"href":"https:\/\/www.actualidadadiario.com\/index.php\/wp-json\/wp\/v2\/categories?post=41236"},{"taxonomy":"post_tag","embeddable":true,"href":"https:\/\/www.actualidadadiario.com\/index.php\/wp-json\/wp\/v2\/tags?post=41236"}],"curies":[{"name":"wp","href":"https:\/\/api.w.org\/{rel}","templated":true}]}}