{"id":41222,"date":"2019-03-05T11:33:34","date_gmt":"2019-03-05T14:33:34","guid":{"rendered":"https:\/\/www.actualidadadiario.com\/?p=41222"},"modified":"2019-05-06T20:49:50","modified_gmt":"2019-05-06T23:49:50","slug":"ventas-de-electrodomesticos-cayeron-39-en-enero-por-perdida-de-poder-adquisitivo","status":"publish","type":"post","link":"https:\/\/www.actualidadadiario.com\/index.php\/2019\/03\/05\/ventas-de-electrodomesticos-cayeron-39-en-enero-por-perdida-de-poder-adquisitivo\/","title":{"rendered":"Ventas de electrodom\u00e9sticos cayeron 39% en enero por p\u00e9rdida de poder adquisitivo"},"content":{"rendered":"<p><em><strong>En un marco de recesi\u00f3n econ\u00f3mica con fuerte ca\u00edda del consumo, las ventas de electrodom\u00e9sticos se precipitaron un 39% interanual en enero, con picos que alcanzaron el 46% en el rubro de la inform\u00e1tica<\/strong><\/em><\/p>\n<p>&nbsp;<\/p>\n<p>&nbsp;<\/p>\n<p>&nbsp;<\/p>\n<p>De acuerdo con el informe de GFK Argentina, al que tuvo acceso BAE Negocios, en enero la comercializaci\u00f3n de notebooks, PC de escritorio y tablets se redujo un 46%; los televisores planos, 41%; peque\u00f1os electrodom\u00e9sticos (licuadoras, microondas), 25%; grandes electrodom\u00e9sticos (heladeras, lavarropas, cocinas), 26%; y aires acondicionados, calefactores a gas, el\u00e9ctricos y placas, un 15 por ciento.<\/p>\n<p>Asimismo, fuentes de la industria electr\u00f3nica, tanto del continente como de Tierra del Fuego, se\u00f1alaron que se proyecta una agudizaci\u00f3n de la crisis para 2019, producto del descenso en el consumo por efecto del menor poder adquisitivo y del costo impositivo y tarifario para las empresas. De acuerdo con fuentes de empresas nucleadas en Afarte, &#8220;la proyecci\u00f3n, en comparaci\u00f3n con el 2018, es negativa&#8221;.<\/p>\n<p>Sin embargo, como sucede en general en el mercado argentino, en enero los precios de los electrodom\u00e9sticos igualmente subieron un 32% en promedio, contra el primer mes del 2018, lo cual abre las puertas para una mayor reducci\u00f3n de las ventas mayoristas y minoristas con la consecuente crisis en el empleo. Como ocurre con varios sectores de la econom\u00eda, en la Argentina la ca\u00edda del consumo no hace bajar los precios.<\/p>\n<p>Los incrementos de precios fueron notorios al analizar el a\u00f1o pasado, pero mayores cuando se mide enero, seg\u00fan marca la consultora DatosClaros que -mediante su soluci\u00f3n Price Intelligence- detect\u00f3 subas de hasta 45% en categor\u00edas de electrodom\u00e9sticos y tecnolog\u00eda del retail local.<\/p>\n","protected":false},"excerpt":{"rendered":"<p>En un marco de recesi\u00f3n econ\u00f3mica con fuerte ca\u00edda del consumo, las ventas de electrodom\u00e9sticos se precipitaron un 39% interanual en enero, con picos que alcanzaron el 46% en el rubro de la inform\u00e1tica &nbsp; &nbsp; &nbsp; De acuerdo con el informe de GFK Argentina, al que tuvo acceso BAE Negocios, en enero la comercializaci\u00f3n de notebooks, PC de escritorio y tablets se redujo un 46%; los televisores planos, 41%; peque\u00f1os electrodom\u00e9sticos (licuadoras, microondas), 25%; grandes electrodom\u00e9sticos (heladeras, lavarropas, cocinas), 26%; y aires acondicionados, calefactores a gas, el\u00e9ctricos y placas,&#8230;<\/p>\n","protected":false},"author":3,"featured_media":41223,"comment_status":"closed","ping_status":"closed","sticky":false,"template":"","format":"standard","meta":[],"categories":[2],"tags":[],"_links":{"self":[{"href":"https:\/\/www.actualidadadiario.com\/index.php\/wp-json\/wp\/v2\/posts\/41222"}],"collection":[{"href":"https:\/\/www.actualidadadiario.com\/index.php\/wp-json\/wp\/v2\/posts"}],"about":[{"href":"https:\/\/www.actualidadadiario.com\/index.php\/wp-json\/wp\/v2\/types\/post"}],"author":[{"embeddable":true,"href":"https:\/\/www.actualidadadiario.com\/index.php\/wp-json\/wp\/v2\/users\/3"}],"replies":[{"embeddable":true,"href":"https:\/\/www.actualidadadiario.com\/index.php\/wp-json\/wp\/v2\/comments?post=41222"}],"version-history":[{"count":1,"href":"https:\/\/www.actualidadadiario.com\/index.php\/wp-json\/wp\/v2\/posts\/41222\/revisions"}],"predecessor-version":[{"id":41224,"href":"https:\/\/www.actualidadadiario.com\/index.php\/wp-json\/wp\/v2\/posts\/41222\/revisions\/41224"}],"wp:featuredmedia":[{"embeddable":true,"href":"https:\/\/www.actualidadadiario.com\/index.php\/wp-json\/wp\/v2\/media\/41223"}],"wp:attachment":[{"href":"https:\/\/www.actualidadadiario.com\/index.php\/wp-json\/wp\/v2\/media?parent=41222"}],"wp:term":[{"taxonomy":"category","embeddable":true,"href":"https:\/\/www.actualidadadiario.com\/index.php\/wp-json\/wp\/v2\/categories?post=41222"},{"taxonomy":"post_tag","embeddable":true,"href":"https:\/\/www.actualidadadiario.com\/index.php\/wp-json\/wp\/v2\/tags?post=41222"}],"curies":[{"name":"wp","href":"https:\/\/api.w.org\/{rel}","templated":true}]}}