{"id":4121,"date":"2016-11-08T10:20:25","date_gmt":"2016-11-08T13:20:25","guid":{"rendered":"http:\/\/actualidadadiario.com\/site\/?p=4121"},"modified":"2016-11-08T10:20:25","modified_gmt":"2016-11-08T13:20:25","slug":"parana-y-concepcion-del-uruguay-se-movilizaron-exigiendo-basta-de-femicidios","status":"publish","type":"post","link":"https:\/\/www.actualidadadiario.com\/index.php\/2016\/11\/08\/parana-y-concepcion-del-uruguay-se-movilizaron-exigiendo-basta-de-femicidios\/","title":{"rendered":"Paran\u00e1 y Concepci\u00f3n del Uruguay se movilizaron exigiendo \u201cBasta de femicidios\u201d"},"content":{"rendered":"<p><em><strong>Los manifestantes reclamaron por el fin de los casos de violencia de g\u00e9nero y exigieron que se declare la emergencia nacional, denunciando inacci\u00f3n oficial. \u201cNi una menos, vivas nos queremos\u201d, fue el grito en com\u00fan<\/strong><\/em><\/p>\n<p>&nbsp;<\/p>\n<p>&nbsp;<\/p>\n<p>&nbsp;<\/p>\n<p>&nbsp;<\/p>\n<p>Seg\u00fan se inform\u00f3, en la capital provincial, la marcha se concentr\u00f3 poco despu\u00e9s de las 18 horas, frente a los Tribunales.<\/p>\n<p>&nbsp;<\/p>\n<p>El objetivo central fue exigir \u201cBasta de femicidios\u201d y pedir justicia por los mujeres asesinadas el s\u00e1bado en Paran\u00e1 &#8211; Romina Ibarra y Lidia Milessi &#8211; y este domingo por la noche en Concepci\u00f3n del Uruguay, Johana Carranza y sus dos hijas de 5 y 7 a\u00f1os.<\/p>\n<p>&nbsp;<\/p>\n<p>&nbsp;<\/p>\n<p>&nbsp;<\/p>\n<p>&nbsp;<\/p>\n<p><strong>Dolor<\/strong><\/p>\n<p>Una de las primeras en tomar la palabra fue una t\u00eda de Romina Ibarra, que el s\u00e1bado fue asesinada por el prefecto Orlando Ojeda. Dej\u00f3 traslucir \u201cun gran dolor\u201d, pidi\u00f3 justicia y expres\u00f3 que siempre se le recordar\u00e1 como \u201cuna gran mujer\u201d.<\/p>\n<p>&nbsp;<\/p>\n<p>\u201cRomina presente, Romina presente\u201d comenzaron a gritar inmediatamente quienes se movilizaron hasta el Palacio Judicial.<\/p>\n<p>&nbsp;<\/p>\n<p>Luego tom\u00f3 el meg\u00e1fono otra familiar de Romina que, entre l\u00e1grimas, inst\u00f3 a \u201ccomprometerse para pedir justicia\u201d y cuestion\u00f3 al Estado por haber permitido que el prefecto asesino tenga un arma de la repartici\u00f3n en la que se desempe\u00f1aba, a pesar de que sobre su persona hab\u00eda denuncias por violencia de g\u00e9nero.<\/p>\n<p>&nbsp;<\/p>\n<p>&nbsp;<\/p>\n<p>&nbsp;<\/p>\n<p>&nbsp;<\/p>\n<p><strong>Emergencia<\/strong><\/p>\n<p>En ese marco, una representante de la Multisectorial de mujeres exigi\u00f3 que \u201cse declare la emergencia por violencia de g\u00e9nero\u201d y denunci\u00f3 \u201ccomplicidad del Gobierno nacional y del provincial porque los femicidios pudieron haberse evitado\u201d.<\/p>\n<p>&nbsp;<\/p>\n<p>\u201cEn muchos casos hay denuncias, las v\u00edctimas recorren las oficinas p\u00fablicas pidiendo contenci\u00f3n y ayuda, pero no obtienen respuesta\u201d, asever\u00f3.<\/p>\n<p>Otra de las oradoras exigi\u00f3 a la Justicia que los dos cr\u00edmenes cometidos por Ojeda sean calificados como femicidios y no como homicidios, mientras se escuchaban c\u00e1nticos que dec\u00edan \u201cNi una menos, vivas nos queremos\u201d.<\/p>\n<p>&nbsp;<\/p>\n<p>&nbsp;<\/p>\n<p>&nbsp;<\/p>\n<p>&nbsp;<\/p>\n<p><strong>Uader<\/strong><\/p>\n<p>M\u00e1s tarde tomaron el meg\u00e1fono representantes de la Universidad Aut\u00f3noma de Entre R\u00edos, de donde era egresada Lidia Milessi, otra de las v\u00edctimas del prefecto Ojeda. Leyeron un documento en el que expresaron que \u201cla violencia se encuentra arraigada en las matrices culturales de la sociedad\u201d y expresaron su dolor por las mujeres \u201cv\u00edctimas de la misoginia\u201d.<\/p>\n<p>&nbsp;<\/p>\n<p>Luego fue el turno de una de las compa\u00f1eras de Milessi, en el cursado del profesorado de ingl\u00e9s, quien asegur\u00f3 que \u201clas mujeres seguimos poniendo el cuerpo\u201d, e hizo referencia al desamparo que tienen \u201clas mujeres del interior de la provincia, que est\u00e1n totalmente desprotegidas\u201d.<\/p>\n<p>&nbsp;<\/p>\n<p>Tambi\u00e9n sostuvo que es necesario \u201creplanterase el rol de los medios de comunicaci\u00f3n y el lugar en el que ponen a la mujer\u201d.<\/p>\n<p>&nbsp;<\/p>\n<p>Con el correr de los minutos m\u00e1s mujeres tomaron el meg\u00e1fono para insistir en el pedido de Justicia y para exigir que se declare la emergencia nacional por violencia de g\u00e9nero.<\/p>\n<p>&nbsp;<\/p>\n<p>&nbsp;<\/p>\n<p>&nbsp;<\/p>\n<p>&nbsp;<\/p>\n<p><strong>Terrible sucesi\u00f3n de casos<\/strong><\/p>\n<p>Cabe recordar que el s\u00e1bado por la noche fueron asesinadas Miriam Ibarra y Lidia Milessi a manos del prefecto Orlando Ojeda, ex pareja de ambas, quien las mat\u00f3 con una pistola 9 mm. de la repartici\u00f3n. Tambi\u00e9n hiri\u00f3 a un vecino de una de las v\u00edctimas, Guillermo Su\u00e1rez.<\/p>\n<p>&nbsp;<\/p>\n<p>El domingo al mediod\u00eda en el barrio Benito Leger\u00e9n, de Concordia, un hombre (Miguel \u00c1ngel Rodr\u00edguez) intent\u00f3 a matar a su ex pareja (Evangelina Moledo) y a su actual novio (Luis Walter Chamorro) con un arma de fuego. La hija de 3 a\u00f1os debi\u00f3 protegerse, ocult\u00e1ndose debajo de una cama. Luego se quit\u00f3 la vida.<\/p>\n<p>&nbsp;<\/p>\n<p>En tanto, este domingo por la noche en Concepci\u00f3n del Uruguay un hombre, Juan Pablo Ledesma, asesin\u00f3 a su ex pareja, Johana Carranza, a las dos hijas de ambos (de 5 y 7 a\u00f1os) y a su actual pareja.<\/p>\n","protected":false},"excerpt":{"rendered":"<p>Los manifestantes reclamaron por el fin de los casos de violencia de g\u00e9nero y exigieron que se declare la emergencia nacional, denunciando inacci\u00f3n oficial. \u201cNi una menos, vivas nos queremos\u201d, fue el grito en com\u00fan &nbsp; &nbsp; &nbsp; &nbsp; Seg\u00fan se inform\u00f3, en la capital provincial, la marcha se concentr\u00f3 poco despu\u00e9s de las 18 horas, frente a los Tribunales. &nbsp; El objetivo central fue exigir \u201cBasta de femicidios\u201d y pedir justicia por los mujeres asesinadas el s\u00e1bado en Paran\u00e1 &#8211; Romina Ibarra y Lidia Milessi &#8211; y este domingo&#8230;<\/p>\n","protected":false},"author":3,"featured_media":4122,"comment_status":"closed","ping_status":"closed","sticky":false,"template":"","format":"standard","meta":[],"categories":[9],"tags":[],"_links":{"self":[{"href":"https:\/\/www.actualidadadiario.com\/index.php\/wp-json\/wp\/v2\/posts\/4121"}],"collection":[{"href":"https:\/\/www.actualidadadiario.com\/index.php\/wp-json\/wp\/v2\/posts"}],"about":[{"href":"https:\/\/www.actualidadadiario.com\/index.php\/wp-json\/wp\/v2\/types\/post"}],"author":[{"embeddable":true,"href":"https:\/\/www.actualidadadiario.com\/index.php\/wp-json\/wp\/v2\/users\/3"}],"replies":[{"embeddable":true,"href":"https:\/\/www.actualidadadiario.com\/index.php\/wp-json\/wp\/v2\/comments?post=4121"}],"version-history":[{"count":1,"href":"https:\/\/www.actualidadadiario.com\/index.php\/wp-json\/wp\/v2\/posts\/4121\/revisions"}],"predecessor-version":[{"id":4123,"href":"https:\/\/www.actualidadadiario.com\/index.php\/wp-json\/wp\/v2\/posts\/4121\/revisions\/4123"}],"wp:featuredmedia":[{"embeddable":true,"href":"https:\/\/www.actualidadadiario.com\/index.php\/wp-json\/wp\/v2\/media\/4122"}],"wp:attachment":[{"href":"https:\/\/www.actualidadadiario.com\/index.php\/wp-json\/wp\/v2\/media?parent=4121"}],"wp:term":[{"taxonomy":"category","embeddable":true,"href":"https:\/\/www.actualidadadiario.com\/index.php\/wp-json\/wp\/v2\/categories?post=4121"},{"taxonomy":"post_tag","embeddable":true,"href":"https:\/\/www.actualidadadiario.com\/index.php\/wp-json\/wp\/v2\/tags?post=4121"}],"curies":[{"name":"wp","href":"https:\/\/api.w.org\/{rel}","templated":true}]}}