{"id":41189,"date":"2019-03-01T10:22:54","date_gmt":"2019-03-01T13:22:54","guid":{"rendered":"https:\/\/www.actualidadadiario.com\/?p=41189"},"modified":"2019-05-06T20:57:16","modified_gmt":"2019-05-06T23:57:16","slug":"a-la-ctm-no-le-corresponde-comprar-equipos-de-seguridad-cuestiono-giano-y-exigio-al-organismo-transparencia","status":"publish","type":"post","link":"https:\/\/www.actualidadadiario.com\/index.php\/2019\/03\/01\/a-la-ctm-no-le-corresponde-comprar-equipos-de-seguridad-cuestiono-giano-y-exigio-al-organismo-transparencia\/","title":{"rendered":"A la CTM \u201cno le corresponde\u201d comprar equipos de seguridad, cuestion\u00f3 Giano y exigi\u00f3 al organismo \u201ctransparencia\u201d"},"content":{"rendered":"<p><em><strong>El senador provincial concordiense \u00c1ngel Giano, al formalizarse esta semana la entrega de equipamiento adquirido por la Comisi\u00f3n T\u00e9cnica Mixta de Salto Grande para combatir el narcotr\u00e1fico en la provincia, volvi\u00f3 a criticar las acciones del organismo binacional por estar fuera de su competencia<\/strong><\/em><\/p>\n<p>&nbsp;<\/p>\n<p>&nbsp;<\/p>\n<p>&nbsp;<\/p>\n<p>El martes el organismo entreg\u00f3 los equipos a la Polic\u00eda Federal de Concordia y Gendarmer\u00eda de Paran\u00e1 destinados al combate del narcotr\u00e1fico adquiridos con fondos del ente.<\/p>\n<p>El legislador reiter\u00f3 que esta actividad no figura en el convenio del ente binacional rubricado en el a\u00f1o 1946, el que debe ser de cumplimiento estricto. En este sentido, renov\u00f3 sus cr\u00edticas hacia la conducci\u00f3n de la Delegaci\u00f3n Argentina en la Comisi\u00f3n T\u00e9cnica Mixta de Salto Grande que concret\u00f3 una compra que no le compete y que debe ser asumido por el gobierno nacional.<\/p>\n<p>Adem\u00e1s el senador reproch\u00f3 el incremento de los gastos operativos que se viene evidenciando en la Delegaci\u00f3n Argentina, lo que \u201ctrae aparejado la merma en los excedentes que genera el complejo y que, finalmente, golpea las arcas de la Comisi\u00f3n Administradora para el Fondo Especial de Salto Grande\u201d.<\/p>\n<p>\u201cEsta gesti\u00f3n de la CTM, independientemente de la valoraci\u00f3n que tenemos de la lucha contra el narcotr\u00e1fico, que es una tarea del gobierno nacional, destina sus fondos de forma incorrecta. Se gasta mal y de m\u00e1s y eso impide que haya excedentes para la Cafesg, algo que est\u00e1 planteado en la ley\u201d, manifest\u00f3 Giano.<\/p>\n<p>Luego que se conociera que el organismo que conduce Roberto Niez realizara compras de equipamiento para la Polic\u00eda Federal y la Gendarmer\u00eda, Giano afirm\u00f3 que \u201cser\u00eda algo m\u00e1s justificado si la CTM ayude a la polic\u00eda provincial, a la Departamental de Concordia o a cualquiera de la regi\u00f3n, y eso contribuir\u00eda a dar m\u00e1s seguridad y luchar contra el narcomenudeo\u201d.<\/p>\n<p>&nbsp;<\/p>\n<p><strong>Gastos Y desinformaci\u00f3n<\/strong><\/p>\n<p>Tambi\u00e9n el senador precis\u00f3 que se han quintuplicado los gastos mensuales a partir de noviembre del a\u00f1o pasado, pasando de 50 millones a 250 millones de pesos.\u00a0 \u201cEste a\u00f1o la CTM va a gastar en forma injustificada unos 2 mil millones de pesos m\u00e1s. Encima sin informaci\u00f3n ni transparencia\u201d, remarc\u00f3.<\/p>\n<p>Explic\u00f3 que el c\u00e1lculo surge de la reciente actualizaci\u00f3n del precio del megavatio\/hora que se origina en el complejo hidroel\u00e9ctrico binacional.<\/p>\n<p>\u201cHicimos las presentaciones pero nunca tuvimos respuestas cuando quisimos saber en qu\u00e9 se gastan los recursos y los sueldos que tienen\u201d, puntualiz\u00f3 el legislador y aclar\u00f3 que\u00a0 &#8220;comprarle equipos a la ministra de Seguridad no es la funci\u00f3n de CTM&#8221;.<\/p>\n<p>&nbsp;<\/p>\n<p><strong>El convenio<\/strong><\/p>\n<p>Por otro lado,\u00a0 record\u00f3 que en su momento, al firmarse al acuerdo entre la CTM con el Ministerio de Seguridad de la Naci\u00f3n, tambi\u00e9n habr\u00eda advertido de lo incorrecta de la decisi\u00f3n y lo fundament\u00f3.\u00a0 Por entonces, Giano hab\u00eda dicho que la CTM no tiene que ver con la seguridad nacional y cuestion\u00f3 el acuerdo firmado por el titular dele binacional, Roberto Niez y la ministra Patricia Bullrich. \u201cSalto Grande tiene otra funci\u00f3n y otros objetivos\u201d. En esos t\u00e9rminos rechaz\u00f3 el acuerdo firmado que preve\u00eda la entrega equipamiento para el combate contra el narcotr\u00e1fico realizada ahora.<\/p>\n<p>\u201cLos objetivos de Salto Grande son generar energ\u00eda, agua para uso domiciliario y para riego de sectores productivos, en general para fortalecer el desarrollo de la regi\u00f3n. No se puede cambiar el destino si no se modifica el convenio con el Uruguay\u201d, dijo Giano y sugiri\u00f3 adem\u00e1s que los fondos \u201cpodr\u00edan invertirse en equipamiento e infraestructura que tanto se necesita\u201d.<\/p>\n<p>Por \u00faltimo manifest\u00f3: \u201cLos temas de seguridad nacional deben ser tratados por otras v\u00edas.\u00a0 Hay organismos espec\u00edficos para el trabajo de seguridad nacional y recursos que deben estar garantizados por el gobierno nacional. En esas \u00e1reas nada tiene que hacer la CTM\u201d.<\/p>\n<p>&nbsp;<\/p>\n<p><strong>Detalles<\/strong><\/p>\n<p>Entre los objetivos del convenio firmado entre Argentina y Uruguay\u00a0 en 1946 para la construcci\u00f3n de la represa de Salto Grande se establecieron prioridades tendientes a la promoci\u00f3n de la regi\u00f3n, como agua potable y saneamiento, navegaci\u00f3n, energ\u00eda el\u00e9ctrica y riego, aunque en la actualidad, s\u00f3lo se prioriza la generaci\u00f3n de energ\u00eda.<\/p>\n<p>Sin embargo, sorprendi\u00f3 la decisi\u00f3n que se tom\u00f3 entre el gobierno nacional y la Delegaci\u00f3n Argentina de la CTM de destinar recursos de la represa a la lucha contra el narcotr\u00e1fico.<\/p>\n<p>El martes, en la Sala de Conferencias de la Delegaci\u00f3n Argentina ante la Comisi\u00f3n T\u00e9cnica Mixta de Salto Grande, se llev\u00f3 a cabo un acto de recepci\u00f3n de los equipos adquiridos a trav\u00e9s de un convenio espec\u00edfico de colaboraci\u00f3n con el Ministerio de Seguridad para que puedan ser utilizados por las fuerzas policiales y de seguridad federales de la Provincia de Entre R\u00edos en la lucha contra el narcotr\u00e1fico. Uno estar\u00e1 a disposici\u00f3n de la Divisi\u00f3n Antidrogas Concordia y el otro equipo en Paran\u00e1 a cargo de Gendarmer\u00eda Nacional.<\/p>\n<p>El acto fue presidido por el Secretario de Cooperaci\u00f3n con los Poderes Constitucionales del Ministerio de Seguridad de la Naci\u00f3n, Pablo Noceti, el Presidente de la Delegaci\u00f3n Argentina ante la CTM, Roberto Niez, y el Jefe de la Divisi\u00f3n anti drogas de la Polic\u00eda Federal Argentina, Walter Zanek.<\/p>\n<p>\u201cEsperemos que estos equipos sean de mucha utilidad para la lucha contra el narcotr\u00e1fico para lograr su retroceso. Sabemos que el narcotr\u00e1fico hace estragos en las personas, en las familias y esperamos que esta colaboraci\u00f3n sirva para el cuidado y prevenci\u00f3n tambi\u00e9n de otros delitos en la zona de influencia de la represa\u201d, se\u00f1al\u00f3 Niez.<\/p>\n<p>La Delegaci\u00f3n Argentina ante la CTM compr\u00f3 dispositivos UFED que permiten el copiado forense y el acceso, intercambio y an\u00e1lisis integral de datos digitales almacenados en dispositivos de comunicaci\u00f3n m\u00f3viles, redes sociales, servicios en la nube, computadoras y otros equipos. Adem\u00e1s se realiz\u00f3 una capacitaci\u00f3n a las fuerzas de seguridad sobre t\u00e9cnicas especiales de investigaci\u00f3n.<\/p>\n","protected":false},"excerpt":{"rendered":"<p>El senador provincial concordiense \u00c1ngel Giano, al formalizarse esta semana la entrega de equipamiento adquirido por la Comisi\u00f3n T\u00e9cnica Mixta de Salto Grande para combatir el narcotr\u00e1fico en la provincia, volvi\u00f3 a criticar las acciones del organismo binacional por estar fuera de su competencia &nbsp; &nbsp; &nbsp; El martes el organismo entreg\u00f3 los equipos a la Polic\u00eda Federal de Concordia y Gendarmer\u00eda de Paran\u00e1 destinados al combate del narcotr\u00e1fico adquiridos con fondos del ente. El legislador reiter\u00f3 que esta actividad no figura en el convenio del ente binacional rubricado en&#8230;<\/p>\n","protected":false},"author":3,"featured_media":6618,"comment_status":"closed","ping_status":"closed","sticky":false,"template":"","format":"standard","meta":[],"categories":[15],"tags":[],"_links":{"self":[{"href":"https:\/\/www.actualidadadiario.com\/index.php\/wp-json\/wp\/v2\/posts\/41189"}],"collection":[{"href":"https:\/\/www.actualidadadiario.com\/index.php\/wp-json\/wp\/v2\/posts"}],"about":[{"href":"https:\/\/www.actualidadadiario.com\/index.php\/wp-json\/wp\/v2\/types\/post"}],"author":[{"embeddable":true,"href":"https:\/\/www.actualidadadiario.com\/index.php\/wp-json\/wp\/v2\/users\/3"}],"replies":[{"embeddable":true,"href":"https:\/\/www.actualidadadiario.com\/index.php\/wp-json\/wp\/v2\/comments?post=41189"}],"version-history":[{"count":1,"href":"https:\/\/www.actualidadadiario.com\/index.php\/wp-json\/wp\/v2\/posts\/41189\/revisions"}],"predecessor-version":[{"id":41190,"href":"https:\/\/www.actualidadadiario.com\/index.php\/wp-json\/wp\/v2\/posts\/41189\/revisions\/41190"}],"wp:featuredmedia":[{"embeddable":true,"href":"https:\/\/www.actualidadadiario.com\/index.php\/wp-json\/wp\/v2\/media\/6618"}],"wp:attachment":[{"href":"https:\/\/www.actualidadadiario.com\/index.php\/wp-json\/wp\/v2\/media?parent=41189"}],"wp:term":[{"taxonomy":"category","embeddable":true,"href":"https:\/\/www.actualidadadiario.com\/index.php\/wp-json\/wp\/v2\/categories?post=41189"},{"taxonomy":"post_tag","embeddable":true,"href":"https:\/\/www.actualidadadiario.com\/index.php\/wp-json\/wp\/v2\/tags?post=41189"}],"curies":[{"name":"wp","href":"https:\/\/api.w.org\/{rel}","templated":true}]}}