{"id":41187,"date":"2019-03-01T10:22:14","date_gmt":"2019-03-01T13:22:14","guid":{"rendered":"https:\/\/www.actualidadadiario.com\/?p=41187"},"modified":"2019-05-06T20:51:04","modified_gmt":"2019-05-06T23:51:04","slug":"previo-al-congreso-en-concordia-agmer-confirmo-que-se-suma-al-paro-de-tres-dias","status":"publish","type":"post","link":"https:\/\/www.actualidadadiario.com\/index.php\/2019\/03\/01\/previo-al-congreso-en-concordia-agmer-confirmo-que-se-suma-al-paro-de-tres-dias\/","title":{"rendered":"Previo al Congreso en Concordia, Agmer confirm\u00f3 que se suma al paro de tres d\u00edas"},"content":{"rendered":"<p><em><strong>Lo confirm\u00f3 el secretario general de Agmer, Marcelo Pagani, y convoc\u00f3 a los docentes a anotarse para viajar a Buenos Aires el mi\u00e9rcoles y marchar todos juntos. Este viernes, en tanto, el sindicato entrerriano resolver\u00e1 en Concordia si acepta o no el aumento ofrecido por el Gobierno provincial del 15 por ciento a apagar en dos cuotas<\/strong><\/em><\/p>\n<p>&nbsp;<\/p>\n<p>&nbsp;<\/p>\n<p>&nbsp;<\/p>\n<p>&#8220;Lo concreto para comunicar es que Agmer como entidad de base de Ctera lleva adelante las definiciones de la entidad nacional por lo que estamos convocando a un paro para el mi\u00e9rcoles, jueves y viernes (este \u00faltimo por el d\u00eda internacional de la mujer trabajadora) y vamos a marchar. Por eso invitamos a todos los compa\u00f1eros y compa\u00f1eras de la provincia que se anoten en las seccionales para marchar con la idea de hacer una gran concentraci\u00f3n nacional en Buenos Aires el d\u00eda mi\u00e9rcoles&#8221;, precis\u00f3 el secretario general, Marcelo Pagani.<\/p>\n<p>Seguidamente, exigi\u00f3 una &#8220;paritaria salarial nacional que d\u00e9 cuenta de la urgente necesidad de fijar un piso nacional para todos los trabajadores&#8221; y cuestion\u00f3 calific\u00e1ndolo de &#8220;mamarracho&#8221; al encuentro que encabez\u00f3 el ministro de Educaci\u00f3n de la Naci\u00f3n, Alejandro Finocchiaro, con los sindicatos UDA, CEA y AMET, en donde se anunci\u00f3 que el salario inicial de los docentes de todo el pa\u00eds pasar\u00e1 a ser de 15 mil pesos.<\/p>\n<p>Mientras tanto, este viernes Agmer decidir\u00e1 si acepta o no la oferta salarial que present\u00f3 el Gobierno entrerriano, consistente en un aumento del 15 por ciento en dos tramos: &#8220;Todo es posible&#8221;, se\u00f1al\u00f3 sobre la definici\u00f3n que tomar\u00e1 el congreso de la entidad.<\/p>\n<p>&nbsp;<\/p>\n<p><strong>&#8220;Los porcentajes de incremento pueden ser algo enga\u00f1osos&#8221;<\/strong><\/p>\n<p>&#8220;La discusi\u00f3n es qu\u00e9 va a pasar en la semana del 11 al 15 de marzo, que es cuando damos la pulseada con el gobierno provincial que no ha sabido dar respuestas a lo que los trabajadores de la educaci\u00f3n les estamos demandando. Nos ha hecho una propuesta que es una ofensa, un 10% en marzo para cobrar en abril y un 5 % en mayo, para cobrar en junio. Esto significa una cifra insignificante para un semestre y tampoco se ha avenido a discutir con nosotros el 14,6 % que qued\u00f3 de inflaci\u00f3n del a\u00f1o pasado&#8221;, resalt\u00f3 la secretaria general de la Asociaci\u00f3n Gremial del Magisterio de Entre R\u00edos (Agmer) seccional Paran\u00e1, Susana Cogno.<\/p>\n<p>Al mismo tiempo, asever\u00f3: &#8220;Los porcentajes pueden ser algo enga\u00f1osos, cuando dicen el 5 % del sueldo de un docente est\u00e1n hablando de una cifra que ronda los 300 pesos. Esos escasos pesos no alcanzan para cubrir las necesidades. Pedimos que el salario est\u00e9 acorde con la canasta necesaria para vivir. Si nosotros cobramos 15 mil pesos y la canasta est\u00e1 en 26 mil pesos, nos faltan unos cuantos pesos para garantizar que las condiciones de vida de cada maestro est\u00e9n dadas para iniciar el ciclo lectivo&#8221;.<\/p>\n","protected":false},"excerpt":{"rendered":"<p>Lo confirm\u00f3 el secretario general de Agmer, Marcelo Pagani, y convoc\u00f3 a los docentes a anotarse para viajar a Buenos Aires el mi\u00e9rcoles y marchar todos juntos. Este viernes, en tanto, el sindicato entrerriano resolver\u00e1 en Concordia si acepta o no el aumento ofrecido por el Gobierno provincial del 15 por ciento a apagar en dos cuotas &nbsp; &nbsp; &nbsp; &#8220;Lo concreto para comunicar es que Agmer como entidad de base de Ctera lleva adelante las definiciones de la entidad nacional por lo que estamos convocando a un paro para&#8230;<\/p>\n","protected":false},"author":3,"featured_media":20295,"comment_status":"closed","ping_status":"closed","sticky":false,"template":"","format":"standard","meta":[],"categories":[9],"tags":[],"_links":{"self":[{"href":"https:\/\/www.actualidadadiario.com\/index.php\/wp-json\/wp\/v2\/posts\/41187"}],"collection":[{"href":"https:\/\/www.actualidadadiario.com\/index.php\/wp-json\/wp\/v2\/posts"}],"about":[{"href":"https:\/\/www.actualidadadiario.com\/index.php\/wp-json\/wp\/v2\/types\/post"}],"author":[{"embeddable":true,"href":"https:\/\/www.actualidadadiario.com\/index.php\/wp-json\/wp\/v2\/users\/3"}],"replies":[{"embeddable":true,"href":"https:\/\/www.actualidadadiario.com\/index.php\/wp-json\/wp\/v2\/comments?post=41187"}],"version-history":[{"count":1,"href":"https:\/\/www.actualidadadiario.com\/index.php\/wp-json\/wp\/v2\/posts\/41187\/revisions"}],"predecessor-version":[{"id":41188,"href":"https:\/\/www.actualidadadiario.com\/index.php\/wp-json\/wp\/v2\/posts\/41187\/revisions\/41188"}],"wp:featuredmedia":[{"embeddable":true,"href":"https:\/\/www.actualidadadiario.com\/index.php\/wp-json\/wp\/v2\/media\/20295"}],"wp:attachment":[{"href":"https:\/\/www.actualidadadiario.com\/index.php\/wp-json\/wp\/v2\/media?parent=41187"}],"wp:term":[{"taxonomy":"category","embeddable":true,"href":"https:\/\/www.actualidadadiario.com\/index.php\/wp-json\/wp\/v2\/categories?post=41187"},{"taxonomy":"post_tag","embeddable":true,"href":"https:\/\/www.actualidadadiario.com\/index.php\/wp-json\/wp\/v2\/tags?post=41187"}],"curies":[{"name":"wp","href":"https:\/\/api.w.org\/{rel}","templated":true}]}}