{"id":41182,"date":"2019-03-01T10:20:54","date_gmt":"2019-03-01T13:20:54","guid":{"rendered":"https:\/\/www.actualidadadiario.com\/?p=41182"},"modified":"2019-05-06T20:50:36","modified_gmt":"2019-05-06T23:50:36","slug":"se-amplio-el-plazo-para-presentar-solicitudes-de-becas-provinciales","status":"publish","type":"post","link":"https:\/\/www.actualidadadiario.com\/index.php\/2019\/03\/01\/se-amplio-el-plazo-para-presentar-solicitudes-de-becas-provinciales\/","title":{"rendered":"Se ampli\u00f3 el plazo para presentar solicitudes de becas provinciales"},"content":{"rendered":"<p><em><strong>El Instituto Aut\u00e1rquico Becario Provincial ampli\u00f3 el plazo para presentar solicitudes de becas provinciales nuevas y de renovaci\u00f3n de nivel secundario. Esta semana, los estudiantes se acercaron masivamente a las oficinas para completar su presentaci\u00f3n. El plazo final es el 29 de marzo<\/strong><\/em><\/p>\n<p>&nbsp;<\/p>\n<p>&nbsp;<\/p>\n<p>Este viernes 1\u00ba de marzo venc\u00eda la presentaci\u00f3n de solicitudes secundarias, para competir por la beca que otorga el gobierno de Entre R\u00edos. Desde este mi\u00e9rcoles los estudiantes y sus familias se volcaron masivamente tanto a la Casa Central como a las delegaciones.<\/p>\n<p>La directora ejecutiva, Claudia Gieco, indic\u00f3 que \u201crecibimos muchos pedidos para ampliar el plazo; conocemos los tiempos de los pap\u00e1s, de la escuela; y entendemos que no todos pudieron realizarlo en tiempo y forma\u201d.<\/p>\n<p>\u201cEl organismo tiene bien marcadas sus etapas, y por ello se distribuyeron las solicitudes de renovaci\u00f3n en diciembre y estamos entregando formularios desde noviembre. M\u00e1s all\u00e1 de los meses que transcurrieron, entendemos perfectamente las variables que derivan en este pedido de ampliaci\u00f3n de plazo\u201d, dijo Gieco.<\/p>\n<p>Asimismo, la titular de El Becario recalc\u00f3 que \u201cpara ingresar, evaluar y adjudicar necesitamos la documentaci\u00f3n. Para que el estudiante cobre mientras cursa, es necesario todo este trabajo previo. Por eso aceptamos lo que la comunidad educativa nos requiere, pero debemos decir que tambi\u00e9n se postergan las siguientes etapas\u201d.<\/p>\n<p>S\u00f3lo en Paran\u00e1, ingresan m\u00e1s de 700 formularios diarios, como as\u00ed tambi\u00e9n en delegaciones grandes como Concordia, Concepci\u00f3n del Uruguay o Gualeguaych\u00fa.<\/p>\n<p>En definitiva, las familias podr\u00e1n acercarse con su formulario hasta el viernes 29 de marzo.<\/p>\n<p>&nbsp;<\/p>\n<p><strong>Nivel Superior<\/strong><\/p>\n<p>Con el cambio de sistema, que se impuls\u00f3 en agosto pasado, todos los becados terciarios y universitarios 2018 comienzan a cobrar su beca en marzo, y lo continuar\u00e1n haciendo hasta junio inclusive.<\/p>\n<p>Paralelamente, a mediados de marzo recibir\u00e1n en sus establecimientos educativos el formulario de renovaci\u00f3n, que deber\u00e1n completar y entregar en las \u00faltimas semanas de mayo.<\/p>\n<p>Quienes no son beneficiarios podr\u00e1n retirar un formulario nuevo a partir del 11 de marzo, en la Casa Central o en las delegaciones. Las mismas se pueden encontrar en http:\/\/www.institutobecario.gov.ar\/listadodelegaciones.php?tipo=3 .<\/p>\n","protected":false},"excerpt":{"rendered":"<p>El Instituto Aut\u00e1rquico Becario Provincial ampli\u00f3 el plazo para presentar solicitudes de becas provinciales nuevas y de renovaci\u00f3n de nivel secundario. Esta semana, los estudiantes se acercaron masivamente a las oficinas para completar su presentaci\u00f3n. El plazo final es el 29 de marzo &nbsp; &nbsp; Este viernes 1\u00ba de marzo venc\u00eda la presentaci\u00f3n de solicitudes secundarias, para competir por la beca que otorga el gobierno de Entre R\u00edos. Desde este mi\u00e9rcoles los estudiantes y sus familias se volcaron masivamente tanto a la Casa Central como a las delegaciones. La directora&#8230;<\/p>\n","protected":false},"author":3,"featured_media":41183,"comment_status":"closed","ping_status":"closed","sticky":false,"template":"","format":"standard","meta":[],"categories":[15],"tags":[],"_links":{"self":[{"href":"https:\/\/www.actualidadadiario.com\/index.php\/wp-json\/wp\/v2\/posts\/41182"}],"collection":[{"href":"https:\/\/www.actualidadadiario.com\/index.php\/wp-json\/wp\/v2\/posts"}],"about":[{"href":"https:\/\/www.actualidadadiario.com\/index.php\/wp-json\/wp\/v2\/types\/post"}],"author":[{"embeddable":true,"href":"https:\/\/www.actualidadadiario.com\/index.php\/wp-json\/wp\/v2\/users\/3"}],"replies":[{"embeddable":true,"href":"https:\/\/www.actualidadadiario.com\/index.php\/wp-json\/wp\/v2\/comments?post=41182"}],"version-history":[{"count":1,"href":"https:\/\/www.actualidadadiario.com\/index.php\/wp-json\/wp\/v2\/posts\/41182\/revisions"}],"predecessor-version":[{"id":41184,"href":"https:\/\/www.actualidadadiario.com\/index.php\/wp-json\/wp\/v2\/posts\/41182\/revisions\/41184"}],"wp:featuredmedia":[{"embeddable":true,"href":"https:\/\/www.actualidadadiario.com\/index.php\/wp-json\/wp\/v2\/media\/41183"}],"wp:attachment":[{"href":"https:\/\/www.actualidadadiario.com\/index.php\/wp-json\/wp\/v2\/media?parent=41182"}],"wp:term":[{"taxonomy":"category","embeddable":true,"href":"https:\/\/www.actualidadadiario.com\/index.php\/wp-json\/wp\/v2\/categories?post=41182"},{"taxonomy":"post_tag","embeddable":true,"href":"https:\/\/www.actualidadadiario.com\/index.php\/wp-json\/wp\/v2\/tags?post=41182"}],"curies":[{"name":"wp","href":"https:\/\/api.w.org\/{rel}","templated":true}]}}