{"id":41175,"date":"2019-03-01T10:19:25","date_gmt":"2019-03-01T13:19:25","guid":{"rendered":"https:\/\/www.actualidadadiario.com\/?p=41175"},"modified":"2019-05-06T20:56:33","modified_gmt":"2019-05-06T23:56:33","slug":"bordet-bahl-y-granetto-abordaron-la-planificacion-y-el-ordenamiento","status":"publish","type":"post","link":"https:\/\/www.actualidadadiario.com\/index.php\/2019\/03\/01\/bordet-bahl-y-granetto-abordaron-la-planificacion-y-el-ordenamiento\/","title":{"rendered":"Bordet, Bahl y Granetto abordaron la planificaci\u00f3n y el ordenamiento"},"content":{"rendered":"<p><em><strong>El gobernador Gustavo Bordet, junto al vicegobernador Ad\u00e1n Bahl, compartieron un encuentro del que tambi\u00e9n particip\u00f3 el titular de la ATER, Sergio Granetto, con un abordaje sobre algunas cuestiones vinculadas a la marcha del organismo a su cargo<\/strong><\/em><\/p>\n<p>&nbsp;<\/p>\n<p>&nbsp;<\/p>\n<p>&nbsp;<\/p>\n<p>Al t\u00e9rmino de la reuni\u00f3n, Granetto fue el encargado de comentar algunos ejes abordados al se\u00f1alar que \u201ccompartimos miradas sobre la importancia de los procesos de ordenamiento, planificaci\u00f3n y transformaci\u00f3n en cada uno de los organismos del Estado, y de sostener la continuidad de esos procesos que van aportando mejoras graduales en los servicios al ciudadano\u201d.<\/p>\n<p>Al respecto, el funcionario puntualiz\u00f3 que en el caso de la Administradora Tributaria \u201chace tres a\u00f1os que estamos trabajando bajo el Plan Estrat\u00e9gico de Gesti\u00f3n, que denominamos ATER-2020, con un fuerte acento en la modernizaci\u00f3n de procesos, con m\u00e1stecnolog\u00eda y servicios al contribuyente y es tambi\u00e9n un cambio cultural que es gradual. Apuntamos a que el rol del Estado sea mejor valorado, y para eso es fundamental el orden y una vocaci\u00f3n de transformar\u201d.<\/p>\n<p>En otra perspectiva Granetto enfatiz\u00f3: \u201cA partir de un determinado orden, surge la necesidad de recuperar el largo plazo como ordenador de las medidas que se van adoptando en el d\u00eda a d\u00eda, teniendo como objetivo final al ciudadano\u201d.<\/p>\n<p>Tambi\u00e9n el encuentro fue propicio para dialogar sobre las ciudades entrerrianas, particularmente sobre Paran\u00e1. El gobernador, que fue dos veces intendente, plante\u00f3 su visi\u00f3n y los desaf\u00edos que se presentan por delante.<\/p>\n","protected":false},"excerpt":{"rendered":"<p>El gobernador Gustavo Bordet, junto al vicegobernador Ad\u00e1n Bahl, compartieron un encuentro del que tambi\u00e9n particip\u00f3 el titular de la ATER, Sergio Granetto, con un abordaje sobre algunas cuestiones vinculadas a la marcha del organismo a su cargo &nbsp; &nbsp; &nbsp; Al t\u00e9rmino de la reuni\u00f3n, Granetto fue el encargado de comentar algunos ejes abordados al se\u00f1alar que \u201ccompartimos miradas sobre la importancia de los procesos de ordenamiento, planificaci\u00f3n y transformaci\u00f3n en cada uno de los organismos del Estado, y de sostener la continuidad de esos procesos que van aportando&#8230;<\/p>\n","protected":false},"author":3,"featured_media":41176,"comment_status":"closed","ping_status":"closed","sticky":false,"template":"","format":"standard","meta":[],"categories":[15],"tags":[],"_links":{"self":[{"href":"https:\/\/www.actualidadadiario.com\/index.php\/wp-json\/wp\/v2\/posts\/41175"}],"collection":[{"href":"https:\/\/www.actualidadadiario.com\/index.php\/wp-json\/wp\/v2\/posts"}],"about":[{"href":"https:\/\/www.actualidadadiario.com\/index.php\/wp-json\/wp\/v2\/types\/post"}],"author":[{"embeddable":true,"href":"https:\/\/www.actualidadadiario.com\/index.php\/wp-json\/wp\/v2\/users\/3"}],"replies":[{"embeddable":true,"href":"https:\/\/www.actualidadadiario.com\/index.php\/wp-json\/wp\/v2\/comments?post=41175"}],"version-history":[{"count":1,"href":"https:\/\/www.actualidadadiario.com\/index.php\/wp-json\/wp\/v2\/posts\/41175\/revisions"}],"predecessor-version":[{"id":41177,"href":"https:\/\/www.actualidadadiario.com\/index.php\/wp-json\/wp\/v2\/posts\/41175\/revisions\/41177"}],"wp:featuredmedia":[{"embeddable":true,"href":"https:\/\/www.actualidadadiario.com\/index.php\/wp-json\/wp\/v2\/media\/41176"}],"wp:attachment":[{"href":"https:\/\/www.actualidadadiario.com\/index.php\/wp-json\/wp\/v2\/media?parent=41175"}],"wp:term":[{"taxonomy":"category","embeddable":true,"href":"https:\/\/www.actualidadadiario.com\/index.php\/wp-json\/wp\/v2\/categories?post=41175"},{"taxonomy":"post_tag","embeddable":true,"href":"https:\/\/www.actualidadadiario.com\/index.php\/wp-json\/wp\/v2\/tags?post=41175"}],"curies":[{"name":"wp","href":"https:\/\/api.w.org\/{rel}","templated":true}]}}