{"id":41172,"date":"2019-03-01T10:18:50","date_gmt":"2019-03-01T13:18:50","guid":{"rendered":"https:\/\/www.actualidadadiario.com\/?p=41172"},"modified":"2019-05-06T20:54:12","modified_gmt":"2019-05-06T23:54:12","slug":"entre-rios-se-prepara-para-el-mejor-fin-de-semana-de-la-temporada-veraniega","status":"publish","type":"post","link":"https:\/\/www.actualidadadiario.com\/index.php\/2019\/03\/01\/entre-rios-se-prepara-para-el-mejor-fin-de-semana-de-la-temporada-veraniega\/","title":{"rendered":"Entre R\u00edos se prepara para el mejor fin de semana de la temporada veraniega"},"content":{"rendered":"<p><em><strong>Este fin de semana largo se espera un intenso movimiento tur\u00edstico en la provincia. Las reservas hoteleras se encuentran en un promedio del 95 por ciento, encontr\u00e1ndose colmadas en algunas localidades. El carnaval, la actividad cultura y las fiestas populares ser\u00e1n el principal atractivo<\/strong><\/em><\/p>\n<p>&nbsp;<\/p>\n<p>&nbsp;<\/p>\n<p>&nbsp;<\/p>\n<p>&nbsp;<\/p>\n<p>Varias localidades entrerrianas ya contaban semanas atr\u00e1s con sus plazas hoteleras reservadas por completo, incluso derivando a ciudades cercanas. El promedio general de reservas para toda la provincia alcanz\u00f3 el 95 por ciento este jueves, siendo la distribuci\u00f3n de las mismas equitativa en los tres principales corredores tur\u00edsticos de Entre R\u00edos, costa del Paran\u00e1, corredor del Gualeguay y costa del Uruguay.<\/p>\n<p>&nbsp;<\/p>\n<p><strong>El carnaval<\/strong><\/p>\n<p>Entre R\u00edos se ha posicionado tur\u00edsticamente en el contexto nacional en los \u00faltimos a\u00f1os, aprovechando el fomento de los fines de semanas largos, y la preponderancia de uno de sus principales atractivos: el carnaval.<\/p>\n<p>Justamente, este fin de semana largo, los destinos que organizan sus carnavales es donde se espera mayor concurrencia. Chajar\u00ed, Concepci\u00f3n del Uruguay, Concordia, Federaci\u00f3n, Gualeguay, Gualeguaych\u00fa, Hasenkamp, Maci\u00e1, San Jos\u00e9, San Salvador, Santa Elena, Victoria y Villa Urquiza son las ciudades que contar\u00e1n con organizaci\u00f3n de carnavales y corsos.<\/p>\n<p>&nbsp;<\/p>\n<p><strong>Fiestas populares y agenda cultural<\/strong><\/p>\n<p>Tambi\u00e9n se ofrece a los turistas internos como externos, la posibilidad de concurrir a fiestas populares como la Fiesta Provincial del Yatay en Ubajay y la Fiesta Provincial del Ternero en Feliciano, o el evento deportivo de aguas abiertas en Concordia \u2013 Salto (ROU).<\/p>\n<p>Adem\u00e1s, estar\u00e1n recorriendo la provincia actividades enmarcadas en el ciclo Cultura Encendida de la Secretar\u00eda de Turismo y Cultura de Entre R\u00edos: el Cinem\u00f3vil estar\u00e1 en Rosario del Tala y Villaguay, y el Cami\u00f3n Escenario Viajero recorrer\u00e1 Basavilbaso y Urdinarrain. Adem\u00e1s, el Parador Usina de Paran\u00e1 presentar\u00e1 este fin de semana el Carnaval Diverso como cierre del exitoso programa del gobierno provincial.<\/p>\n<p>&nbsp;<\/p>\n<p><strong>Otras ofertas y servicios<\/strong><\/p>\n<p>Por otra parte, con el pron\u00f3stico de buen clima y d\u00edas de calor, la oferta de playas, balnearios, parques acu\u00e1ticos y complejos termales tambi\u00e9n se preparan para recibir gran cantidad de visitantes.<\/p>\n<p>Los servicios que complementan estos atractivos son los recorridos hist\u00f3ricos, las excursiones n\u00e1uticas, el turismo rural, la visitas a los vi\u00f1edos, salidas de pesca o actividades en la naturaleza en \u00e1reas protegidas. Spas, casinos y eventos deportivos, entre otras actividades, tambi\u00e9n esperan favorecerse con la llegada de los turistas este fin de semana.<\/p>\n<p>&nbsp;<\/p>\n<p><strong>Informes<\/strong><\/p>\n<p>Direcci\u00f3n General de Planeamiento, Gesti\u00f3n Tur\u00edstica y Fomento de las Inversiones<\/p>\n<p>Secretar\u00eda de Turismo y Cultura<\/p>\n<p>Gobierno de Entre R\u00edos<\/p>\n<p>Tel\u00e9fono: 0343 &#8211; 4222100 &#8211; interno 104<\/p>\n<p>Correo electr\u00f3nico: planturismo.entrerios@gmail.com<\/p>\n<p>Direcci\u00f3n: Laprida 5 &#8211; Paran\u00e1<\/p>\n<p>&nbsp;<\/p>\n","protected":false},"excerpt":{"rendered":"<p>Este fin de semana largo se espera un intenso movimiento tur\u00edstico en la provincia. Las reservas hoteleras se encuentran en un promedio del 95 por ciento, encontr\u00e1ndose colmadas en algunas localidades. El carnaval, la actividad cultura y las fiestas populares ser\u00e1n el principal atractivo &nbsp; &nbsp; &nbsp; &nbsp; Varias localidades entrerrianas ya contaban semanas atr\u00e1s con sus plazas hoteleras reservadas por completo, incluso derivando a ciudades cercanas. El promedio general de reservas para toda la provincia alcanz\u00f3 el 95 por ciento este jueves, siendo la distribuci\u00f3n de las mismas equitativa&#8230;<\/p>\n","protected":false},"author":3,"featured_media":41173,"comment_status":"closed","ping_status":"closed","sticky":false,"template":"","format":"standard","meta":[],"categories":[9],"tags":[],"_links":{"self":[{"href":"https:\/\/www.actualidadadiario.com\/index.php\/wp-json\/wp\/v2\/posts\/41172"}],"collection":[{"href":"https:\/\/www.actualidadadiario.com\/index.php\/wp-json\/wp\/v2\/posts"}],"about":[{"href":"https:\/\/www.actualidadadiario.com\/index.php\/wp-json\/wp\/v2\/types\/post"}],"author":[{"embeddable":true,"href":"https:\/\/www.actualidadadiario.com\/index.php\/wp-json\/wp\/v2\/users\/3"}],"replies":[{"embeddable":true,"href":"https:\/\/www.actualidadadiario.com\/index.php\/wp-json\/wp\/v2\/comments?post=41172"}],"version-history":[{"count":1,"href":"https:\/\/www.actualidadadiario.com\/index.php\/wp-json\/wp\/v2\/posts\/41172\/revisions"}],"predecessor-version":[{"id":41174,"href":"https:\/\/www.actualidadadiario.com\/index.php\/wp-json\/wp\/v2\/posts\/41172\/revisions\/41174"}],"wp:featuredmedia":[{"embeddable":true,"href":"https:\/\/www.actualidadadiario.com\/index.php\/wp-json\/wp\/v2\/media\/41173"}],"wp:attachment":[{"href":"https:\/\/www.actualidadadiario.com\/index.php\/wp-json\/wp\/v2\/media?parent=41172"}],"wp:term":[{"taxonomy":"category","embeddable":true,"href":"https:\/\/www.actualidadadiario.com\/index.php\/wp-json\/wp\/v2\/categories?post=41172"},{"taxonomy":"post_tag","embeddable":true,"href":"https:\/\/www.actualidadadiario.com\/index.php\/wp-json\/wp\/v2\/tags?post=41172"}],"curies":[{"name":"wp","href":"https:\/\/api.w.org\/{rel}","templated":true}]}}