{"id":41169,"date":"2019-03-01T10:17:38","date_gmt":"2019-03-01T13:17:38","guid":{"rendered":"https:\/\/www.actualidadadiario.com\/?p=41169"},"modified":"2019-05-06T20:52:24","modified_gmt":"2019-05-06T23:52:24","slug":"llego-un-nuevo-buque-al-puerto-de-concepcion-del-uruguay-para-cargar-arroz-entrerriano","status":"publish","type":"post","link":"https:\/\/www.actualidadadiario.com\/index.php\/2019\/03\/01\/llego-un-nuevo-buque-al-puerto-de-concepcion-del-uruguay-para-cargar-arroz-entrerriano\/","title":{"rendered":"Lleg\u00f3 un nuevo buque al puerto de Concepci\u00f3n del Uruguay para cargar arroz entrerriano"},"content":{"rendered":"<p><em><strong>Este mi\u00e9rcoles, arrib\u00f3 el \u201cDvadesetprvi Maj\u201d, un buque de bandera de Montenegro, a los muelles 3 y 4 del puerto de Concepci\u00f3n del Uruguay. Cargar\u00e1 arroz en bolsa de productores entrerrianos<\/strong><\/em><\/p>\n<p>&nbsp;<\/p>\n<p>&nbsp;<\/p>\n<p>&nbsp;<\/p>\n<p>El ritmo de la llegada de buques extranjeros a puertos entrerrianos contin\u00faa en ascenso. El \u201cDvadesetprvi Maj\u201d, un carguero de Montenegro, se convirti\u00f3 en el cuarto buque que llega a la provincia en menos de dos meses.<\/p>\n<p>Si bien lleg\u00f3 el mi\u00e9rcoles, el buque de Montenegro debi\u00f3 esperar a que termine el embarque de madera de pino del \u201cAlcor\u201d, que tiene como destino a China.<\/p>\n<p>En este caso, el \u201cDvadesetprvi Maj\u201d partir\u00e1 hacia Irak. Asimismo, est\u00e1 previsto que llegue un nuevo ultramarino a cargar madera y luego otro para embarcar arroz.<\/p>\n","protected":false},"excerpt":{"rendered":"<p>Este mi\u00e9rcoles, arrib\u00f3 el \u201cDvadesetprvi Maj\u201d, un buque de bandera de Montenegro, a los muelles 3 y 4 del puerto de Concepci\u00f3n del Uruguay. Cargar\u00e1 arroz en bolsa de productores entrerrianos &nbsp; &nbsp; &nbsp; El ritmo de la llegada de buques extranjeros a puertos entrerrianos contin\u00faa en ascenso. El \u201cDvadesetprvi Maj\u201d, un carguero de Montenegro, se convirti\u00f3 en el cuarto buque que llega a la provincia en menos de dos meses. Si bien lleg\u00f3 el mi\u00e9rcoles, el buque de Montenegro debi\u00f3 esperar a que termine el embarque de madera de&#8230;<\/p>\n","protected":false},"author":3,"featured_media":41170,"comment_status":"closed","ping_status":"closed","sticky":false,"template":"","format":"standard","meta":[],"categories":[15],"tags":[],"_links":{"self":[{"href":"https:\/\/www.actualidadadiario.com\/index.php\/wp-json\/wp\/v2\/posts\/41169"}],"collection":[{"href":"https:\/\/www.actualidadadiario.com\/index.php\/wp-json\/wp\/v2\/posts"}],"about":[{"href":"https:\/\/www.actualidadadiario.com\/index.php\/wp-json\/wp\/v2\/types\/post"}],"author":[{"embeddable":true,"href":"https:\/\/www.actualidadadiario.com\/index.php\/wp-json\/wp\/v2\/users\/3"}],"replies":[{"embeddable":true,"href":"https:\/\/www.actualidadadiario.com\/index.php\/wp-json\/wp\/v2\/comments?post=41169"}],"version-history":[{"count":1,"href":"https:\/\/www.actualidadadiario.com\/index.php\/wp-json\/wp\/v2\/posts\/41169\/revisions"}],"predecessor-version":[{"id":41171,"href":"https:\/\/www.actualidadadiario.com\/index.php\/wp-json\/wp\/v2\/posts\/41169\/revisions\/41171"}],"wp:featuredmedia":[{"embeddable":true,"href":"https:\/\/www.actualidadadiario.com\/index.php\/wp-json\/wp\/v2\/media\/41170"}],"wp:attachment":[{"href":"https:\/\/www.actualidadadiario.com\/index.php\/wp-json\/wp\/v2\/media?parent=41169"}],"wp:term":[{"taxonomy":"category","embeddable":true,"href":"https:\/\/www.actualidadadiario.com\/index.php\/wp-json\/wp\/v2\/categories?post=41169"},{"taxonomy":"post_tag","embeddable":true,"href":"https:\/\/www.actualidadadiario.com\/index.php\/wp-json\/wp\/v2\/tags?post=41169"}],"curies":[{"name":"wp","href":"https:\/\/api.w.org\/{rel}","templated":true}]}}