{"id":41167,"date":"2019-03-01T10:00:06","date_gmt":"2019-03-01T13:00:06","guid":{"rendered":"https:\/\/www.actualidadadiario.com\/?p=41167"},"modified":"2019-05-06T20:51:11","modified_gmt":"2019-05-06T23:51:11","slug":"por-suba-de-alimentos-y-regulados-perfilan-inflacion-de-10-hasta-marzo","status":"publish","type":"post","link":"https:\/\/www.actualidadadiario.com\/index.php\/2019\/03\/01\/por-suba-de-alimentos-y-regulados-perfilan-inflacion-de-10-hasta-marzo\/","title":{"rendered":"Por suba de alimentos y regulados, perfilan inflaci\u00f3n de 10% hasta marzo"},"content":{"rendered":"<p><em><strong>En febrero las consultoras esperan un alza en el IPC de entre 3% y 4%, con fuerte impacto de la suba de la carne. El Indec dar\u00e1 a conocer la cifra el 14 de este mes. Para marzo, prev\u00e9n otro 3%<\/strong><\/em><\/p>\n<p>&nbsp;<\/p>\n<p>&nbsp;<\/p>\n<p>&nbsp;<\/p>\n<p>Termin\u00f3 febrero con subas en las tarifas de electricidad, transporte y prepagas, pero adem\u00e1s el rubro alimentos, por las subas de las carnes, volvi\u00f3 a pesar con fuerza. As\u00ed, tras el 2,9% que marc\u00f3 el IPC del Indec para enero, en febrero las estimaciones oscilan entre un 3% y 4%, a las que se agregar\u00e1n otro 3% para marzo, seg\u00fan las estimaciones de las consultoras.<\/p>\n<p>De esta manera, para el primer trimestre proyectan una suba de 10%, y, dos estudios privados anticipan que la inflaci\u00f3n mayor a lo esperado un mes atr\u00e1s y llevaron al alza su previsi\u00f3n para el a\u00f1o, que lo sit\u00faan ahora en 35%, como es el caso de Ecolatina y de EcoGo. &#8220;Nos dio 4% en febrero, ya que hubo fuerte impacto de vivienda, transporte y alimentos&#8221;, sostuvo Juan Ignacio Paolicchi, de EcoGo.<\/p>\n<p>Adem\u00e1s del efecto en la inflaci\u00f3n por la suba de tarifas, que se esperaba y que aportaron 1,1 punto porcentual (pp), seg\u00fan identific\u00f3, el rubro que marc\u00f3 una diferencia fue la carne: la incidencia fue de 0,9 pp. &#8220;Si se saca la carne del \u00edndice, ser\u00eda de 3,1% la inflaci\u00f3n en febrero&#8221;, razon\u00f3, una diferencia importante. De hecho se\u00f1al\u00f3 que la suba promedio de la carne fue de 7,4% en febrero, tras un 2,4% que hab\u00eda registrado para enero.<\/p>\n<p>En el \u00edndice de precios, tras el 4% que proyectan para febrero, en marzo, &#8220;sumando inercia y efectos de segunda ronda de tarifas&#8221;, estiman un 3%. Mientras que un mes atr\u00e1s pronosticaban que la inflaci\u00f3n iba a terminar en 34%, ahora llevaron al alza la previsi\u00f3n, a un 35%.<\/p>\n<p>Tambi\u00e9n desde el Fondo Monetario Internacional pronostican que una inflaci\u00f3n un poco mayor, aunque a\u00fan no le pusieron n\u00famero. Mientras que esperaban que fuera de 20%, ayer el director para el Departamento Occidental del organismo, Alejandro Werner, dijo en una entrevista con Bloomberg que elevar\u00e1n ese pron\u00f3stico.<\/p>\n<p>En Ecolatina proyectan una inflaci\u00f3n de 3,5% en febrero. El registro de la primera quincena del mes, en la comparaci\u00f3n con igual per\u00edodo de enero, les arroj\u00f3 un incremento de 3,3%. &#8220;La suba de tarifas de electricidad y el transporte traccion\u00f3 la suba&#8221;, sostuvo Mat\u00edas Rajnerman, economista jefe de esa consultora.<\/p>\n<p>Pero tambi\u00e9n identificaron que el precio de la carne se aceler\u00f3 en la primera mitad del mes. &#8220;No fue tanto por la suba de d\u00f3lar de ahora, sino por la del a\u00f1o pasado, que no pudo ser trasladada&#8221;, agreg\u00f3 Rajnerman. En ese sentido, describi\u00f3 que impact\u00f3 en la hacienda la sequ\u00eda y la suba de los costos. &#8220;Como la demanda interna empez\u00f3 a repuntar, hubo una alza bastante elevada entre enero y febrero, que empuj\u00f3 a la inflaci\u00f3n ya que es un insumo importante de la mesa de los argentinos&#8221;, sostuvo.<\/p>\n<p>La hacienda vacuna subi\u00f3 un 40% desde que empez\u00f3 el verano, aunque en el mercado minorista (el precio en la carnicer\u00eda) el incremento que registraron fue de 3% en enero y 10% en la primera quincena de febrero.<\/p>\n<p>Para marzo estima Rajnerman que, a nivel nacional, el IPC trepar\u00e1 a un 3% por la &#8220;inercia importante que deja febrero y adem\u00e1s hay precios que van a subir que quedaron desfasados&#8221;, por los efectos de segunda ronda. A estos aspectos agrega que, por el inicio de clase, la inflaci\u00f3n se acelera por los &#8220;aumentos en librer\u00eda y art\u00edculos para el hogar&#8221;, y adem\u00e1s empiezan a cerrar las primera paritarias. &#8220;Pese a no tener un salto significativo de tarifas, y que d\u00f3lar se mantendr\u00eda relativamente calmo, va a ser un mes agitado&#8221;, agreg\u00f3. Para 2019 esperan una inflaci\u00f3n de 35%, con un primer trimestre en 10% desde Ecolatina.<\/p>\n<p>Camilo Tiscornia, economista de CyT Asesores, cont\u00f3 que en febrero prev\u00e9n que rondar\u00e1 en 3% la inflaci\u00f3n. Y, para marzo, las subas en colectivos, trenes y subtes, adem\u00e1s de celulares en alg\u00fan caso, salarios de trabajadoras de casas particulares y educaci\u00f3n por el arranque de clase, podr\u00eda quedar por debajo de 3%. Para el a\u00f1o estiman un 30%.<\/p>\n<p>El Indec dar\u00e1 a conocer la inflaci\u00f3n correspondiente a febrero el pr\u00f3ximo 14 de marzo. El a\u00f1o pasado cerr\u00f3 con un IPC de 47,6%, el m\u00e1s elevado de los \u00faltimos 27 a\u00f1os.<\/p>\n","protected":false},"excerpt":{"rendered":"<p>En febrero las consultoras esperan un alza en el IPC de entre 3% y 4%, con fuerte impacto de la suba de la carne. El Indec dar\u00e1 a conocer la cifra el 14 de este mes. Para marzo, prev\u00e9n otro 3% &nbsp; &nbsp; &nbsp; Termin\u00f3 febrero con subas en las tarifas de electricidad, transporte y prepagas, pero adem\u00e1s el rubro alimentos, por las subas de las carnes, volvi\u00f3 a pesar con fuerza. As\u00ed, tras el 2,9% que marc\u00f3 el IPC del Indec para enero, en febrero las estimaciones oscilan entre&#8230;<\/p>\n","protected":false},"author":3,"featured_media":30057,"comment_status":"closed","ping_status":"closed","sticky":false,"template":"","format":"standard","meta":[],"categories":[2],"tags":[],"_links":{"self":[{"href":"https:\/\/www.actualidadadiario.com\/index.php\/wp-json\/wp\/v2\/posts\/41167"}],"collection":[{"href":"https:\/\/www.actualidadadiario.com\/index.php\/wp-json\/wp\/v2\/posts"}],"about":[{"href":"https:\/\/www.actualidadadiario.com\/index.php\/wp-json\/wp\/v2\/types\/post"}],"author":[{"embeddable":true,"href":"https:\/\/www.actualidadadiario.com\/index.php\/wp-json\/wp\/v2\/users\/3"}],"replies":[{"embeddable":true,"href":"https:\/\/www.actualidadadiario.com\/index.php\/wp-json\/wp\/v2\/comments?post=41167"}],"version-history":[{"count":1,"href":"https:\/\/www.actualidadadiario.com\/index.php\/wp-json\/wp\/v2\/posts\/41167\/revisions"}],"predecessor-version":[{"id":41168,"href":"https:\/\/www.actualidadadiario.com\/index.php\/wp-json\/wp\/v2\/posts\/41167\/revisions\/41168"}],"wp:featuredmedia":[{"embeddable":true,"href":"https:\/\/www.actualidadadiario.com\/index.php\/wp-json\/wp\/v2\/media\/30057"}],"wp:attachment":[{"href":"https:\/\/www.actualidadadiario.com\/index.php\/wp-json\/wp\/v2\/media?parent=41167"}],"wp:term":[{"taxonomy":"category","embeddable":true,"href":"https:\/\/www.actualidadadiario.com\/index.php\/wp-json\/wp\/v2\/categories?post=41167"},{"taxonomy":"post_tag","embeddable":true,"href":"https:\/\/www.actualidadadiario.com\/index.php\/wp-json\/wp\/v2\/tags?post=41167"}],"curies":[{"name":"wp","href":"https:\/\/api.w.org\/{rel}","templated":true}]}}