{"id":41165,"date":"2019-03-01T09:59:23","date_gmt":"2019-03-01T12:59:23","guid":{"rendered":"https:\/\/www.actualidadadiario.com\/?p=41165"},"modified":"2019-05-06T20:49:49","modified_gmt":"2019-05-06T23:49:49","slug":"volvieron-a-aumentar-las-naftas","status":"publish","type":"post","link":"https:\/\/www.actualidadadiario.com\/index.php\/2019\/03\/01\/volvieron-a-aumentar-las-naftas\/","title":{"rendered":"Volvieron a aumentar las naftas"},"content":{"rendered":"<p><em><strong>Desde fines de 2015 el aumento fue casi del 300 por ciento. El nuevo incremento impactar\u00eda en el corto plazo en los precios de la comida<\/strong><\/em><\/p>\n<p>&nbsp;<\/p>\n<p>&nbsp;<\/p>\n<p>&nbsp;<\/p>\n<p>No hay descanso. Otra vez las compa\u00f1\u00edas petroleras remarcan el precio de las naftas. En este caso el incremento est\u00e1 aplicado desde el minuto 0 de este viernes y es de al menos el 2,5 por ciento.<\/p>\n<p>En este caso la excusa de las compa\u00f1\u00edas es la actualizaci\u00f3n de los impuestos que gravan a naftas y gasoil, en base a una resoluci\u00f3n que la AFIP envi\u00f3 este mi\u00e9rcoles a las empresas.<\/p>\n<p>Tomando como base los precios de YPF (la m\u00e1s barata del mercado), el incremento es del 2,9% con lo que el litro de s\u00faper pasa de los $37,62 a los $38,72. En tanto, la premium va de los $43,40 a los $44,5, un 2,5% m\u00e1s. Por su parte, el gasoil salta de $35,18 a $36,23 con un ajuste del 3%.<\/p>\n<p>Sin embargo, no es el \u00faltimo aumento de estos d\u00edas ya que en cuesti\u00f3n de horas habr\u00e1 un reajuste nuevo, apoyado en la reciente minidevaluaci\u00f3n del d\u00f3lar y el aumento del precio internacional del petr\u00f3leo.<\/p>\n<p>Se espera, con estos movimientos, que en las pr\u00f3ximas semanas se vuelva a renovar el precio y el aumento sea finalmente del 6 por ciento para fines de marzo.<\/p>\n<p>Desde ya, se estima que este nuevo incremento repercuta en los precios al consumidor en las pr\u00f3ximas semanas.<\/p>\n","protected":false},"excerpt":{"rendered":"<p>Desde fines de 2015 el aumento fue casi del 300 por ciento. El nuevo incremento impactar\u00eda en el corto plazo en los precios de la comida &nbsp; &nbsp; &nbsp; No hay descanso. Otra vez las compa\u00f1\u00edas petroleras remarcan el precio de las naftas. En este caso el incremento est\u00e1 aplicado desde el minuto 0 de este viernes y es de al menos el 2,5 por ciento. En este caso la excusa de las compa\u00f1\u00edas es la actualizaci\u00f3n de los impuestos que gravan a naftas y gasoil, en base a una&#8230;<\/p>\n","protected":false},"author":3,"featured_media":33119,"comment_status":"closed","ping_status":"closed","sticky":false,"template":"","format":"standard","meta":[],"categories":[2],"tags":[],"_links":{"self":[{"href":"https:\/\/www.actualidadadiario.com\/index.php\/wp-json\/wp\/v2\/posts\/41165"}],"collection":[{"href":"https:\/\/www.actualidadadiario.com\/index.php\/wp-json\/wp\/v2\/posts"}],"about":[{"href":"https:\/\/www.actualidadadiario.com\/index.php\/wp-json\/wp\/v2\/types\/post"}],"author":[{"embeddable":true,"href":"https:\/\/www.actualidadadiario.com\/index.php\/wp-json\/wp\/v2\/users\/3"}],"replies":[{"embeddable":true,"href":"https:\/\/www.actualidadadiario.com\/index.php\/wp-json\/wp\/v2\/comments?post=41165"}],"version-history":[{"count":1,"href":"https:\/\/www.actualidadadiario.com\/index.php\/wp-json\/wp\/v2\/posts\/41165\/revisions"}],"predecessor-version":[{"id":41166,"href":"https:\/\/www.actualidadadiario.com\/index.php\/wp-json\/wp\/v2\/posts\/41165\/revisions\/41166"}],"wp:featuredmedia":[{"embeddable":true,"href":"https:\/\/www.actualidadadiario.com\/index.php\/wp-json\/wp\/v2\/media\/33119"}],"wp:attachment":[{"href":"https:\/\/www.actualidadadiario.com\/index.php\/wp-json\/wp\/v2\/media?parent=41165"}],"wp:term":[{"taxonomy":"category","embeddable":true,"href":"https:\/\/www.actualidadadiario.com\/index.php\/wp-json\/wp\/v2\/categories?post=41165"},{"taxonomy":"post_tag","embeddable":true,"href":"https:\/\/www.actualidadadiario.com\/index.php\/wp-json\/wp\/v2\/tags?post=41165"}],"curies":[{"name":"wp","href":"https:\/\/api.w.org\/{rel}","templated":true}]}}