{"id":41163,"date":"2019-03-01T09:58:49","date_gmt":"2019-03-01T12:58:49","guid":{"rendered":"https:\/\/www.actualidadadiario.com\/?p=41163"},"modified":"2019-05-06T20:56:01","modified_gmt":"2019-05-06T23:56:01","slug":"consumo-masivo-en-supermercados-cayo-4-en-febrero-y-se-preven-despidos","status":"publish","type":"post","link":"https:\/\/www.actualidadadiario.com\/index.php\/2019\/03\/01\/consumo-masivo-en-supermercados-cayo-4-en-febrero-y-se-preven-despidos\/","title":{"rendered":"Consumo masivo en supermercados cay\u00f3 4% en febrero y se prev\u00e9n despidos"},"content":{"rendered":"<p><em><strong>Por la suba de precios en productos de consumo masivo y la fuerte ca\u00edda del poder adquisitivo, las ventas de los hipermercados cayeron nada menos que un 4% promedio en febrero, en la comparaci\u00f3n interanual, un derrumbe mayor al de los meses previos<\/strong><\/em><\/p>\n<p>&nbsp;<\/p>\n<p>&nbsp;<\/p>\n<p>&nbsp;<\/p>\n<p>Desde el sector del retail adelantaron el dato mensual que relevan los propios empresarios, y apuntaron que la ca\u00edda que se est\u00e1 viendo este mes es ocasionada por una recesi\u00f3n que -seg\u00fan las grandes cadenas- &#8220;ya no se puede sostener ni con promociones, bonificaciones ni pagos financiados en muchos casos&#8221;. M\u00e1s a\u00fan, se observa un escenario con nuevos despidos en bocas comerciales para 2019. El plan de Precios Cuidados se renov\u00f3 hasta el 6 de mayo, aunque su escasez en las g\u00f3ndolas es notoria, y seg\u00fan las fuentes, &#8220;no mueve la aguja para nada&#8221;.<\/p>\n<p>En casi todos los segmentos de los productos se observaron bajas en las ventas, y aunque la situaci\u00f3n de los alimentos es la m\u00e1s preocupante, los art\u00edculos de limpieza son los que tienen una gran retracci\u00f3n, con descensos de m\u00e1s del 6 por ciento. A comienzos del mes, diversos empresarios de la alimentaci\u00f3n comenzaron a informar aumentos de hasta 12% a hipermercados, supermercados provinciales, autoservicios, almacenes y centros mayoristas.<\/p>\n<p>La decisi\u00f3n de las empresas industriales nucleadas en la Coordinadora alimenticia Copal desairaron nuevamente al ministro de Producci\u00f3n y Trabajo, Dante Sica, quien se aventur\u00f3 a se\u00f1alar que &#8220;en los pr\u00f3ximos meses los precios se desacelerar\u00e1n&#8221;. Adem\u00e1s, en una pol\u00edtica claramente especulativa que agrava el cuadro de situaci\u00f3n, algunas empresas l\u00e1cteas desabastecen al mercado de segundas marcas de leche fluida, por lo que los consumidores se ven obligados a comprar las marcas m\u00e1s caras, ante los controles insuficientes del gobierno.<\/p>\n<p>Tanto en bocas de la Capital Federal como de diversos municipios del conurbano, se siguen observando carteles en los que la excusa perfecta son las inundaciones para especular con la escasez de leche y los precios. &#8220;Por razones clim\u00e1ticas, que afectan al Litoral y a la provincia de Santa Fe, la disponibilidad de leche en nuestras g\u00f3ndolas puede verse disminuida&#8221;, expresan carteles en locales de Carrefour Express, por ejemplo en Bernal, Quilmes y Wilde.<\/p>\n<p>En algunos casos, la venta es racionada y se limita a 3 litros por consumo familiar diario. Claro que primero se deber\u00e1n encontrar las marcas m\u00e1s econ\u00f3micas, que por lo general a las 10 de la ma\u00f1ana, ya no est\u00e1n m\u00e1s en las g\u00f3ndolas. Analistas de Ecolatina consideraron recientemente que habr\u00e1 din\u00e1micas diferentes del consumo y cambios de tendencias dentro de esta ca\u00edda.<\/p>\n","protected":false},"excerpt":{"rendered":"<p>Por la suba de precios en productos de consumo masivo y la fuerte ca\u00edda del poder adquisitivo, las ventas de los hipermercados cayeron nada menos que un 4% promedio en febrero, en la comparaci\u00f3n interanual, un derrumbe mayor al de los meses previos &nbsp; &nbsp; &nbsp; Desde el sector del retail adelantaron el dato mensual que relevan los propios empresarios, y apuntaron que la ca\u00edda que se est\u00e1 viendo este mes es ocasionada por una recesi\u00f3n que -seg\u00fan las grandes cadenas- &#8220;ya no se puede sostener ni con promociones, bonificaciones&#8230;<\/p>\n","protected":false},"author":3,"featured_media":36758,"comment_status":"closed","ping_status":"closed","sticky":false,"template":"","format":"standard","meta":[],"categories":[2],"tags":[],"_links":{"self":[{"href":"https:\/\/www.actualidadadiario.com\/index.php\/wp-json\/wp\/v2\/posts\/41163"}],"collection":[{"href":"https:\/\/www.actualidadadiario.com\/index.php\/wp-json\/wp\/v2\/posts"}],"about":[{"href":"https:\/\/www.actualidadadiario.com\/index.php\/wp-json\/wp\/v2\/types\/post"}],"author":[{"embeddable":true,"href":"https:\/\/www.actualidadadiario.com\/index.php\/wp-json\/wp\/v2\/users\/3"}],"replies":[{"embeddable":true,"href":"https:\/\/www.actualidadadiario.com\/index.php\/wp-json\/wp\/v2\/comments?post=41163"}],"version-history":[{"count":1,"href":"https:\/\/www.actualidadadiario.com\/index.php\/wp-json\/wp\/v2\/posts\/41163\/revisions"}],"predecessor-version":[{"id":41164,"href":"https:\/\/www.actualidadadiario.com\/index.php\/wp-json\/wp\/v2\/posts\/41163\/revisions\/41164"}],"wp:featuredmedia":[{"embeddable":true,"href":"https:\/\/www.actualidadadiario.com\/index.php\/wp-json\/wp\/v2\/media\/36758"}],"wp:attachment":[{"href":"https:\/\/www.actualidadadiario.com\/index.php\/wp-json\/wp\/v2\/media?parent=41163"}],"wp:term":[{"taxonomy":"category","embeddable":true,"href":"https:\/\/www.actualidadadiario.com\/index.php\/wp-json\/wp\/v2\/categories?post=41163"},{"taxonomy":"post_tag","embeddable":true,"href":"https:\/\/www.actualidadadiario.com\/index.php\/wp-json\/wp\/v2\/tags?post=41163"}],"curies":[{"name":"wp","href":"https:\/\/api.w.org\/{rel}","templated":true}]}}