{"id":41158,"date":"2019-03-01T09:57:29","date_gmt":"2019-03-01T12:57:29","guid":{"rendered":"https:\/\/www.actualidadadiario.com\/?p=41158"},"modified":"2019-05-06T20:54:32","modified_gmt":"2019-05-06T23:54:32","slug":"el-salario-real-se-desplomo-121-y-retrocedio-a-su-menor-nivel-de-los-ultimos-diez-anos","status":"publish","type":"post","link":"https:\/\/www.actualidadadiario.com\/index.php\/2019\/03\/01\/el-salario-real-se-desplomo-121-y-retrocedio-a-su-menor-nivel-de-los-ultimos-diez-anos\/","title":{"rendered":"El salario real se desplom\u00f3 12,1% y retrocedi\u00f3 a su menor nivel de los \u00faltimos diez a\u00f1os"},"content":{"rendered":"<p><em><strong>El dato oficial que public\u00f3 ayer el Indec termin\u00f3 de confirmar lo que anticiparon las mediciones privadas: por el impacto de la megadevaluaci\u00f3n y la escalada inflacionaria, el salario real se derrumb\u00f3 12,1% el a\u00f1o pasado y tuvo su mayor ca\u00edda desde 2002. Con este deterioro, el poder adquisitivo se ubic\u00f3 en su nivel m\u00e1s bajo en diez a\u00f1os<\/strong><\/em><\/p>\n<p>&nbsp;<\/p>\n<p>&nbsp;<\/p>\n<p>&nbsp;<\/p>\n<p>El \u00edndice de salarios de diciembre subi\u00f3 2,5% y, pese a las revisiones paritarias que se activaron en los \u00faltimos meses de 2018, no logr\u00f3 equiparar el 2,6% de inflaci\u00f3n. As\u00ed, los sueldos acumularon a lo largo del a\u00f1o un alza del 29,7%, que perdi\u00f3 por goleada con el mayor IPC desde 1991, que marc\u00f3 47,6%. En t\u00e9rminos reales, esto implic\u00f3 una p\u00e9rdida del 12,1% en el poder de compra de los trabajadores.<\/p>\n<p>Todos los sectores salieron perdiendo, aunque no en la misma magnitud. Entre los asalariados registrados, los estatales perdieron 11,8% y los privados 11,7%. Los informales, siempre m\u00e1s vulnerables a las crisis econ\u00f3micas por la mayor inestabilidad y la falta de representaci\u00f3n gremial, vieron caer sus ingresos 13,8%, pese a que el Indec midi\u00f3 unas sorpresivas subas nominales del 5,3% y 4,7% en noviembre y diciembre respectivamente.<\/p>\n<p>El coordinador del Observatorio del Derecho Social de la CTA, Luis Campos, explic\u00f3 que las series del Indec no permiten reconstruir la evoluci\u00f3n de los ingresos durante los \u00faltimos a\u00f1os. Sin embargo, con n\u00fameros del SIPA, el IPC 9 provincias y el IPC CABA, calcul\u00f3 que el poder adquisitivo de diciembre y del 4\u00b0 trimestre de 2018 fue el m\u00e1s bajo de toda la serie del SIPA, que comienza en 2009. &#8220;Si bien no tenemos el dato para 2008, puede estimarse que estuvieron por debajo&#8221;, explic\u00f3. As\u00ed, hay que volver diez a\u00f1os atr\u00e1s para encontrar un salario real menor que el actual.<\/p>\n<p>El salto del d\u00f3lar de m\u00e1s del 100% que desencaden\u00f3 una suba de precios mayoristas de casi el 74% y que traslad\u00f3 a las g\u00f3ndolas aumentos del 47,6%, las paritarias que corrieron siempre por detr\u00e1s y la p\u00e9rdida de empleos formaron el c\u00f3ctel explosivo que determin\u00f3 que los trabajadores sean los grandes perdedores de la crisis.<\/p>\n<p>&#8220;Sin lugar a dudas, la masa salarial fue la variable de ajuste de 2018. Los salarios crecieron por debajo de la inflaci\u00f3n (y del d\u00f3lar), la cantidad de trabajadores cay\u00f3 y las contribuciones patronales empezaron a descender a la luz de la reforma tributaria&#8221;, explic\u00f3 un informe del Instituto de Trabajo y Econom\u00eda de la Fundaci\u00f3n Germ\u00e1n Abdala (ITE-FGA). Como ejemplo, el reporte de supermercados del Indec de diciembre mostr\u00f3 una suba nominal del costo laboral sectorial de apenas 19%.<\/p>\n<p>Pese al deterioro del a\u00f1o pasado, los analistas consideran muy dif\u00edcil que en este 2019 electoral se recupere parte de la capacidad de compra perdida. Por lo pronto, ante un comienzo de a\u00f1o con el IPC sin tregua, los economistas estiraron sus proyecciones de inflaci\u00f3n por encima del 35%. Adem\u00e1s, el contexto de destrucci\u00f3n de empleo complicar\u00e1 a\u00fan m\u00e1s las negociaciones salariales.<\/p>\n<p>&#8220;Las paritarias y la evoluci\u00f3n de los salarios son la gran inc\u00f3gnita para 2019&#8221;, se\u00f1ala el ITE-FGA. Y agreg\u00f3: &#8220;Para los gremios hay dos desaf\u00edos: recuperar lo perdido el a\u00f1o pasado y no volver a perder&#8221;. Las primeras propuestas oficiales en las negociaciones con los docentes dieron algunas pistas del plan de Cambiemos: acompa\u00f1ar la inflaci\u00f3n para no perder m\u00e1s este a\u00f1o y consolidar lo perdido en 2018. El resultado depender\u00e1 de la capacidad para pulsear de los distintos gremios. Y, claro, de que el d\u00f3lar no vuelva a dispararse.<\/p>\n","protected":false},"excerpt":{"rendered":"<p>El dato oficial que public\u00f3 ayer el Indec termin\u00f3 de confirmar lo que anticiparon las mediciones privadas: por el impacto de la megadevaluaci\u00f3n y la escalada inflacionaria, el salario real se derrumb\u00f3 12,1% el a\u00f1o pasado y tuvo su mayor ca\u00edda desde 2002. Con este deterioro, el poder adquisitivo se ubic\u00f3 en su nivel m\u00e1s bajo en diez a\u00f1os &nbsp; &nbsp; &nbsp; El \u00edndice de salarios de diciembre subi\u00f3 2,5% y, pese a las revisiones paritarias que se activaron en los \u00faltimos meses de 2018, no logr\u00f3 equiparar el 2,6%&#8230;<\/p>\n","protected":false},"author":3,"featured_media":40762,"comment_status":"closed","ping_status":"closed","sticky":false,"template":"","format":"standard","meta":[],"categories":[9],"tags":[],"_links":{"self":[{"href":"https:\/\/www.actualidadadiario.com\/index.php\/wp-json\/wp\/v2\/posts\/41158"}],"collection":[{"href":"https:\/\/www.actualidadadiario.com\/index.php\/wp-json\/wp\/v2\/posts"}],"about":[{"href":"https:\/\/www.actualidadadiario.com\/index.php\/wp-json\/wp\/v2\/types\/post"}],"author":[{"embeddable":true,"href":"https:\/\/www.actualidadadiario.com\/index.php\/wp-json\/wp\/v2\/users\/3"}],"replies":[{"embeddable":true,"href":"https:\/\/www.actualidadadiario.com\/index.php\/wp-json\/wp\/v2\/comments?post=41158"}],"version-history":[{"count":1,"href":"https:\/\/www.actualidadadiario.com\/index.php\/wp-json\/wp\/v2\/posts\/41158\/revisions"}],"predecessor-version":[{"id":41159,"href":"https:\/\/www.actualidadadiario.com\/index.php\/wp-json\/wp\/v2\/posts\/41158\/revisions\/41159"}],"wp:featuredmedia":[{"embeddable":true,"href":"https:\/\/www.actualidadadiario.com\/index.php\/wp-json\/wp\/v2\/media\/40762"}],"wp:attachment":[{"href":"https:\/\/www.actualidadadiario.com\/index.php\/wp-json\/wp\/v2\/media?parent=41158"}],"wp:term":[{"taxonomy":"category","embeddable":true,"href":"https:\/\/www.actualidadadiario.com\/index.php\/wp-json\/wp\/v2\/categories?post=41158"},{"taxonomy":"post_tag","embeddable":true,"href":"https:\/\/www.actualidadadiario.com\/index.php\/wp-json\/wp\/v2\/tags?post=41158"}],"curies":[{"name":"wp","href":"https:\/\/api.w.org\/{rel}","templated":true}]}}