{"id":4115,"date":"2016-11-08T10:18:48","date_gmt":"2016-11-08T13:18:48","guid":{"rendered":"http:\/\/actualidadadiario.com\/site\/?p=4115"},"modified":"2016-11-08T10:18:48","modified_gmt":"2016-11-08T13:18:48","slug":"el-estado-no-puede-estar-ausente-ni-tampoco-puede-mirar-para-el-costado","status":"publish","type":"post","link":"https:\/\/www.actualidadadiario.com\/index.php\/2016\/11\/08\/el-estado-no-puede-estar-ausente-ni-tampoco-puede-mirar-para-el-costado\/","title":{"rendered":"\u201cEl Estado no puede estar ausente ni tampoco puede mirar para el costado\u201d"},"content":{"rendered":"<p><em><strong>El gobernador Gustavo Bordet anunci\u00f3 que convoc\u00f3 a casa de gobierno a los tres poderes del Estado provincial \u201cen las \u00e1reas donde se intervienen esta problem\u00e1tica para articular y aunar esfuerzo\u201d. Fue durante la inauguraci\u00f3n de la muestra Evita Marcha. En ese marco, el mandatario se refiri\u00f3 a los recientes femicidios que tuvieron lugar en la provincia: \u201cel Estado no puede estar ausente ni tampoco puede mirar para el costado\u201d. Tambi\u00e9n adelant\u00f3 que se convocar\u00e1 a las organizaciones no gubernamentales<\/strong><\/em><\/p>\n<p>&nbsp;<\/p>\n<p>&nbsp;<\/p>\n<p>&nbsp;<\/p>\n<p>&nbsp;<\/p>\n<p>\u201cNos conmueve y nos duelen estos hechos que lastiman a muchas familias entrerrianas. Eso nos obliga a redoblar el esfuerzo que venimos realizando en la provincia, que es mucho, pero es necesario redoblar esfuerzos para generar conciencia que la violencia de g\u00e9nero debe ser, no solo desterrada, sino tambi\u00e9n castigada\u201d, afirm\u00f3 Bordet minutos antes de dar comienzo a la apertura de la muestra Evita Marcha en Casa de Gobierno.<\/p>\n<p>&nbsp;<\/p>\n<p>En ese sentido, el mandatario entrerriano anunci\u00f3: \u201cvoy a estar convocando para las 10 de la ma\u00f1ana a los tres poderes, tanto judicial como legislativo y por supuesto al ejecutivo en las \u00e1reas donde se intervienen esta problem\u00e1tica para articular y aunar esfuerzo. Porque se est\u00e1n realizando acciones pero es importante coordinarlas y habida cuenta las situaciones que se produjeron, poder accionar r\u00e1pidamente\u201d<\/p>\n<p>&nbsp;<\/p>\n<p>\u201cEl Estado no puede estar ausente ni tampoco puede mirar para el costado. Por eso queremos tomar decisiones que sean convocantes\u201d, enfatiz\u00f3 y adelant\u00f3 que \u201cen otra etapa\u201d se convocar\u00e1 a \u201cdistintas instituciones, ONGs que trabajan en este sentido para que puedan hacer el aporte e interactuar coordinadamente desde lo p\u00fablico y lo privado\u201d.<\/p>\n<p>&nbsp;<\/p>\n<p>Bordet destac\u00f3 la visibilizaci\u00f3n de la violencia de g\u00e9nero que \u201cse consideraban cr\u00edmenes pasionales, situaciones de violencia dom\u00e9stica\u201d cuando \u201cen realidad esto esconde una gran problem\u00e1tica\u201d.<\/p>\n<p>&nbsp;<\/p>\n<p>\u201cAfortunadamente, con la conquista de derechos, la democratizaci\u00f3n de la sociedad y al incorporarse la mujer en roles activos, estos temas han salido a la luz. Esto hace que haya que redoblar esfuerzos para evitar que la violencia se pueda seguir propagando\u201d, advirti\u00f3 el mandatario y subray\u00f3 que \u201chay una gran responsabilidad social en los medios de comunicaci\u00f3n de poder informar convenientemente y sin sensacionalismo estas cuestiones que lo \u00fanico que producen despu\u00e9s es un efecto en cadena y que genera una multiplicaci\u00f3n de estos hechos dolorosos\u201d.<\/p>\n<p>&nbsp;<\/p>\n<p>Respecto del rol de las fuerzas de seguridad Bordet sostuvo que se est\u00e1n tomando medidas \u201cpreventivas para que no ocurran hechos como los que han pasado en Entre R\u00edos en estos \u00faltimos d\u00edas\u201d y destac\u00f3 la profesionalizaci\u00f3n de la fuerza.<\/p>\n<p>&nbsp;<\/p>\n<p>En ese sentido se\u00f1al\u00f3 el trabajo coordinado con el gobierno nacional y sostuvo que la ministra de Seguridad de la Naci\u00f3n, Patricia Bullrich, se comunic\u00f3 con el ministro de Gobierno de la provincia, Mauro Urribarri: \u201chay di\u00e1logo fluido, hay tambi\u00e9n un fuerte consenso legislativo en sancionar leyes que tiendan a poner penas m\u00e1s severas para quienes cometen hechos que son muy dolorosos<\/p>\n<p>&nbsp;<\/p>\n<p>\u201cHay que dar un profundo debate legislativo\u201d, afirm\u00f3 el mandatario y coincidi\u00f3 en que \u201clas penas deben ser las m\u00e1ximas, las m\u00e1s altas. Tiene que ser severamente castigado. Esto no es una situaci\u00f3n m\u00e1s que se da en el marco del delito. Esto es un hecho grave y como tal debe ser sancionado\u201d, concluy\u00f3.<\/p>\n","protected":false},"excerpt":{"rendered":"<p>El gobernador Gustavo Bordet anunci\u00f3 que convoc\u00f3 a casa de gobierno a los tres poderes del Estado provincial \u201cen las \u00e1reas donde se intervienen esta problem\u00e1tica para articular y aunar esfuerzo\u201d. Fue durante la inauguraci\u00f3n de la muestra Evita Marcha. En ese marco, el mandatario se refiri\u00f3 a los recientes femicidios que tuvieron lugar en la provincia: \u201cel Estado no puede estar ausente ni tampoco puede mirar para el costado\u201d. Tambi\u00e9n adelant\u00f3 que se convocar\u00e1 a las organizaciones no gubernamentales &nbsp; &nbsp; &nbsp; &nbsp; \u201cNos conmueve y nos duelen estos&#8230;<\/p>\n","protected":false},"author":3,"featured_media":4116,"comment_status":"closed","ping_status":"closed","sticky":false,"template":"","format":"standard","meta":[],"categories":[9],"tags":[],"_links":{"self":[{"href":"https:\/\/www.actualidadadiario.com\/index.php\/wp-json\/wp\/v2\/posts\/4115"}],"collection":[{"href":"https:\/\/www.actualidadadiario.com\/index.php\/wp-json\/wp\/v2\/posts"}],"about":[{"href":"https:\/\/www.actualidadadiario.com\/index.php\/wp-json\/wp\/v2\/types\/post"}],"author":[{"embeddable":true,"href":"https:\/\/www.actualidadadiario.com\/index.php\/wp-json\/wp\/v2\/users\/3"}],"replies":[{"embeddable":true,"href":"https:\/\/www.actualidadadiario.com\/index.php\/wp-json\/wp\/v2\/comments?post=4115"}],"version-history":[{"count":1,"href":"https:\/\/www.actualidadadiario.com\/index.php\/wp-json\/wp\/v2\/posts\/4115\/revisions"}],"predecessor-version":[{"id":4117,"href":"https:\/\/www.actualidadadiario.com\/index.php\/wp-json\/wp\/v2\/posts\/4115\/revisions\/4117"}],"wp:featuredmedia":[{"embeddable":true,"href":"https:\/\/www.actualidadadiario.com\/index.php\/wp-json\/wp\/v2\/media\/4116"}],"wp:attachment":[{"href":"https:\/\/www.actualidadadiario.com\/index.php\/wp-json\/wp\/v2\/media?parent=4115"}],"wp:term":[{"taxonomy":"category","embeddable":true,"href":"https:\/\/www.actualidadadiario.com\/index.php\/wp-json\/wp\/v2\/categories?post=4115"},{"taxonomy":"post_tag","embeddable":true,"href":"https:\/\/www.actualidadadiario.com\/index.php\/wp-json\/wp\/v2\/tags?post=4115"}],"curies":[{"name":"wp","href":"https:\/\/api.w.org\/{rel}","templated":true}]}}