{"id":41140,"date":"2019-02-28T12:35:30","date_gmt":"2019-02-28T15:35:30","guid":{"rendered":"https:\/\/www.actualidadadiario.com\/?p=41140"},"modified":"2019-05-06T20:53:04","modified_gmt":"2019-05-06T23:53:04","slug":"la-iglesia-presiona-para-abolir-la-pena-de-muerte","status":"publish","type":"post","link":"https:\/\/www.actualidadadiario.com\/index.php\/2019\/02\/28\/la-iglesia-presiona-para-abolir-la-pena-de-muerte\/","title":{"rendered":"La Iglesia presiona para abolir la pena de muerte"},"content":{"rendered":"<p><em><strong>Para el Papa la dignidad de la persona no se pierde nunca, incluso cuando se comete &#8221;el peor de los cr\u00edmenes&#8221;<\/strong><\/em><\/p>\n<p>&nbsp;<\/p>\n<p>&nbsp;<\/p>\n<p>El papa Francisco exhort\u00f3 a los gobernantes y a quienes tienen responsabilidad en sus pa\u00edses a &#8220;dar los pasos necesarios hacia la total abolici\u00f3n de la pena de muerte&#8221;. El Pont\u00edfice habl\u00f3 en un videomensaje en ocasi\u00f3n del VII Congreso Mundial contra la Pena de Muerte, que abri\u00f3 en el Parlamento Europeo en Bruselas.<\/p>\n<p>Para el Papa la dignidad de la persona no se pierde nunca, incluso cuando se comete &#8220;el peor de los cr\u00edmenes&#8221;. La vida es un don que proteger y &#8220;es fuente de todos los otros dones y de todos los otros derechos&#8221;.<\/p>\n<p>&#8220;La convicci\u00f3n de ofrecer tambi\u00e9n al culpable la posibilidad de arrepentimiento no puede ser abandonada nunca&#8221;. Francisco record\u00f3 que &#8220;para proteger a la sociedad del mal que algunos individuos pueden causar&#8221;, la soluci\u00f3n no es la pena capital.<\/p>\n<p>Esta no puede ser considerada &#8220;la respuesta adecuada a la gravedad de algunos delitos para la tutela del bien com\u00fan&#8221;. &#8220;Nadie puede ser muerto y privado de la oportunidad de abrazar nuevamente a la comunidad que hiri\u00f3 e hizo sufrir&#8221;.<\/p>\n<p>La pena de muerte, agreg\u00f3, es una &#8220;grave violaci\u00f3n del derecho a la vida de toda persona&#8221;.<\/p>\n","protected":false},"excerpt":{"rendered":"<p>Para el Papa la dignidad de la persona no se pierde nunca, incluso cuando se comete &#8221;el peor de los cr\u00edmenes&#8221; &nbsp; &nbsp; El papa Francisco exhort\u00f3 a los gobernantes y a quienes tienen responsabilidad en sus pa\u00edses a &#8220;dar los pasos necesarios hacia la total abolici\u00f3n de la pena de muerte&#8221;. El Pont\u00edfice habl\u00f3 en un videomensaje en ocasi\u00f3n del VII Congreso Mundial contra la Pena de Muerte, que abri\u00f3 en el Parlamento Europeo en Bruselas. Para el Papa la dignidad de la persona no se pierde nunca, incluso&#8230;<\/p>\n","protected":false},"author":3,"featured_media":41141,"comment_status":"closed","ping_status":"closed","sticky":false,"template":"","format":"standard","meta":[],"categories":[4],"tags":[],"_links":{"self":[{"href":"https:\/\/www.actualidadadiario.com\/index.php\/wp-json\/wp\/v2\/posts\/41140"}],"collection":[{"href":"https:\/\/www.actualidadadiario.com\/index.php\/wp-json\/wp\/v2\/posts"}],"about":[{"href":"https:\/\/www.actualidadadiario.com\/index.php\/wp-json\/wp\/v2\/types\/post"}],"author":[{"embeddable":true,"href":"https:\/\/www.actualidadadiario.com\/index.php\/wp-json\/wp\/v2\/users\/3"}],"replies":[{"embeddable":true,"href":"https:\/\/www.actualidadadiario.com\/index.php\/wp-json\/wp\/v2\/comments?post=41140"}],"version-history":[{"count":1,"href":"https:\/\/www.actualidadadiario.com\/index.php\/wp-json\/wp\/v2\/posts\/41140\/revisions"}],"predecessor-version":[{"id":41142,"href":"https:\/\/www.actualidadadiario.com\/index.php\/wp-json\/wp\/v2\/posts\/41140\/revisions\/41142"}],"wp:featuredmedia":[{"embeddable":true,"href":"https:\/\/www.actualidadadiario.com\/index.php\/wp-json\/wp\/v2\/media\/41141"}],"wp:attachment":[{"href":"https:\/\/www.actualidadadiario.com\/index.php\/wp-json\/wp\/v2\/media?parent=41140"}],"wp:term":[{"taxonomy":"category","embeddable":true,"href":"https:\/\/www.actualidadadiario.com\/index.php\/wp-json\/wp\/v2\/categories?post=41140"},{"taxonomy":"post_tag","embeddable":true,"href":"https:\/\/www.actualidadadiario.com\/index.php\/wp-json\/wp\/v2\/tags?post=41140"}],"curies":[{"name":"wp","href":"https:\/\/api.w.org\/{rel}","templated":true}]}}