{"id":41135,"date":"2019-02-28T12:33:58","date_gmt":"2019-02-28T15:33:58","guid":{"rendered":"https:\/\/www.actualidadadiario.com\/?p=41135"},"modified":"2019-05-06T20:55:08","modified_gmt":"2019-05-06T23:55:08","slug":"el-gobierno-endurece-las-condiciones-de-ingreso-de-extranjeros-al-pais","status":"publish","type":"post","link":"https:\/\/www.actualidadadiario.com\/index.php\/2019\/02\/28\/el-gobierno-endurece-las-condiciones-de-ingreso-de-extranjeros-al-pais\/","title":{"rendered":"El Gobierno endurece las condiciones de ingreso de extranjeros al pa\u00eds"},"content":{"rendered":"<p><em><strong>La medida ser\u00e1 anunciada esta tarde por el ministro Rogelio Frigerio. Para residir en la Argentina deber\u00e1n presentar un certificado con antecedentes de los \u00faltimos 10 a\u00f1os<\/strong><\/em><\/p>\n<p>&nbsp;<\/p>\n<p>&nbsp;<\/p>\n<p>&nbsp;<\/p>\n<p>El Gobierno ha decidido endurecer los requisitos del ingreso de extranjeros al pa\u00eds y esta tarde anunciar\u00e1 una serie de medidas entre las que se incluye la prohibici\u00f3n de ingresar a inmigrantes que cuenten con antecedentes penales en los \u00faltimos 10 a\u00f1os.<\/p>\n<p>Para ello deber\u00e1n presentar un certificado de carencia de antecedentes; en caso de no tenerlo, no se podr\u00e1 avanzar en el tr\u00e1mite migratorio.<\/p>\n<p>Las medidas que adoptar\u00e1 la Direcci\u00f3n Nacional de Migraciones (DNM) ser\u00e1n dadas a conocer a las 15 en el Sal\u00f3n de los Pueblos Originarios de la Casa de Gobierno por el ministro del Interior, Rogelio Frigerio, y el director nacional de Migraciones, Horacio Garc\u00eda.<\/p>\n<p>La medida, cuyo objetivo es establecer un mayor control sobre los inmigrantes e impedir el ingreso de delincuentes al pa\u00eds, se da en respuesta a una serie de casos de inseguridad en los que estuvieron involucrados extranjeros.<\/p>\n","protected":false},"excerpt":{"rendered":"<p>La medida ser\u00e1 anunciada esta tarde por el ministro Rogelio Frigerio. Para residir en la Argentina deber\u00e1n presentar un certificado con antecedentes de los \u00faltimos 10 a\u00f1os &nbsp; &nbsp; &nbsp; El Gobierno ha decidido endurecer los requisitos del ingreso de extranjeros al pa\u00eds y esta tarde anunciar\u00e1 una serie de medidas entre las que se incluye la prohibici\u00f3n de ingresar a inmigrantes que cuenten con antecedentes penales en los \u00faltimos 10 a\u00f1os. Para ello deber\u00e1n presentar un certificado de carencia de antecedentes; en caso de no tenerlo, no se podr\u00e1&#8230;<\/p>\n","protected":false},"author":3,"featured_media":33611,"comment_status":"closed","ping_status":"closed","sticky":false,"template":"","format":"standard","meta":[],"categories":[18],"tags":[],"_links":{"self":[{"href":"https:\/\/www.actualidadadiario.com\/index.php\/wp-json\/wp\/v2\/posts\/41135"}],"collection":[{"href":"https:\/\/www.actualidadadiario.com\/index.php\/wp-json\/wp\/v2\/posts"}],"about":[{"href":"https:\/\/www.actualidadadiario.com\/index.php\/wp-json\/wp\/v2\/types\/post"}],"author":[{"embeddable":true,"href":"https:\/\/www.actualidadadiario.com\/index.php\/wp-json\/wp\/v2\/users\/3"}],"replies":[{"embeddable":true,"href":"https:\/\/www.actualidadadiario.com\/index.php\/wp-json\/wp\/v2\/comments?post=41135"}],"version-history":[{"count":1,"href":"https:\/\/www.actualidadadiario.com\/index.php\/wp-json\/wp\/v2\/posts\/41135\/revisions"}],"predecessor-version":[{"id":41136,"href":"https:\/\/www.actualidadadiario.com\/index.php\/wp-json\/wp\/v2\/posts\/41135\/revisions\/41136"}],"wp:featuredmedia":[{"embeddable":true,"href":"https:\/\/www.actualidadadiario.com\/index.php\/wp-json\/wp\/v2\/media\/33611"}],"wp:attachment":[{"href":"https:\/\/www.actualidadadiario.com\/index.php\/wp-json\/wp\/v2\/media?parent=41135"}],"wp:term":[{"taxonomy":"category","embeddable":true,"href":"https:\/\/www.actualidadadiario.com\/index.php\/wp-json\/wp\/v2\/categories?post=41135"},{"taxonomy":"post_tag","embeddable":true,"href":"https:\/\/www.actualidadadiario.com\/index.php\/wp-json\/wp\/v2\/tags?post=41135"}],"curies":[{"name":"wp","href":"https:\/\/api.w.org\/{rel}","templated":true}]}}