{"id":41132,"date":"2019-02-28T12:33:04","date_gmt":"2019-02-28T15:33:04","guid":{"rendered":"https:\/\/www.actualidadadiario.com\/?p=41132"},"modified":"2019-05-06T20:50:36","modified_gmt":"2019-05-06T23:50:36","slug":"se-conocera-hoy-el-veredicto-en-el-juicio-por-el-encubrimiento-del-atentado-a-la-amia","status":"publish","type":"post","link":"https:\/\/www.actualidadadiario.com\/index.php\/2019\/02\/28\/se-conocera-hoy-el-veredicto-en-el-juicio-por-el-encubrimiento-del-atentado-a-la-amia\/","title":{"rendered":"Se conocer\u00e1 hoy el veredicto en el juicio por el encubrimiento del atentado a la AMIA"},"content":{"rendered":"<p><em><strong>Este juicio oral se desarroll\u00f3 durante a\u00f1os ante la indiferencia casi total de los grandes medios. El gobierno intent\u00f3 salvar a muchos de los imputados<\/strong><\/em><\/p>\n<p>&nbsp;<\/p>\n<p>&nbsp;<\/p>\n<p>&nbsp;<\/p>\n<p>El veredicto por el encubrimiento en la investigaci\u00f3n del atentado a la AMIA ser\u00e1 anunciado esta tarde por el Tribunal Oral en lo Criminal Federal n\u00famero 2 de la Capital Federal.<\/p>\n<p>Entre los personajes juzgados se encuentran el ex presidente Carlos Menem y el ex jefe de la SIDE durante su presidencia, Hugo Anzorreguy. Tambi\u00e9n el ex juez federal Juan Jos\u00e9 Galeano, Eamon Gabriel Mullen, Jos\u00e9 Carlos Barbaccia, Patricio Miguel Finnen, el banquero Rub\u00e9n Ezra Beraja, el ex vendedor de autos Carlos Alberto Telleld\u00edn, Ana Mar\u00eda Boragni, el abogado V\u00edctor Stinfale, Juan Carlos Anchezar, Jorge Alberto Palacios y Carlos Casta\u00f1eda.<\/p>\n<p>A los 13 acusados se les imputa los delitos de &#8220;violaci\u00f3n de medios de prueba, falsedad ideol\u00f3gica, encubrimiento, abuso de autoridad y peculado&#8221;.<\/p>\n<p>Los familiares de las v\u00edctimas nucleados en la agrupaci\u00f3n Memoria Activa se mostraron esc\u00e9pticos ante lo que pueda suceder. &#8220;\u00bfQu\u00e9 sentencia puede esperarse de un Tribunal que permiti\u00f3 agravios y agresiones a lo largo de todo el juicio y no otorg\u00f3 los derechos a r\u00e9plica a los familiares de las v\u00edctimas? \u00bfQui\u00e9nes realmente tuvieron la voz en el juicio? \u00bfOtra vez el Estado acallando a las v\u00edctimas?&#8221;, se preguntaron a trav\u00e9s de la red social Twitter.<\/p>\n<p>En otro tweet, expresaron: &#8220;\u00bfSab\u00edan que ma\u00f1ana habr\u00e1 sentencia del juicio en el que se juzgan a los encubridores del atentado a la AMIA? \u00bfSab\u00edan que el juicio incomoda a muchos en el poder amigos de los imputados? \u00bfy que los medios hegem\u00f3nicos no lo difundieron? \u00bfy que el gobierno intent\u00f3 salvar imputados?&#8221;.<\/p>\n","protected":false},"excerpt":{"rendered":"<p>Este juicio oral se desarroll\u00f3 durante a\u00f1os ante la indiferencia casi total de los grandes medios. El gobierno intent\u00f3 salvar a muchos de los imputados &nbsp; &nbsp; &nbsp; El veredicto por el encubrimiento en la investigaci\u00f3n del atentado a la AMIA ser\u00e1 anunciado esta tarde por el Tribunal Oral en lo Criminal Federal n\u00famero 2 de la Capital Federal. Entre los personajes juzgados se encuentran el ex presidente Carlos Menem y el ex jefe de la SIDE durante su presidencia, Hugo Anzorreguy. Tambi\u00e9n el ex juez federal Juan Jos\u00e9 Galeano,&#8230;<\/p>\n","protected":false},"author":3,"featured_media":41133,"comment_status":"closed","ping_status":"closed","sticky":false,"template":"","format":"standard","meta":[],"categories":[18],"tags":[],"_links":{"self":[{"href":"https:\/\/www.actualidadadiario.com\/index.php\/wp-json\/wp\/v2\/posts\/41132"}],"collection":[{"href":"https:\/\/www.actualidadadiario.com\/index.php\/wp-json\/wp\/v2\/posts"}],"about":[{"href":"https:\/\/www.actualidadadiario.com\/index.php\/wp-json\/wp\/v2\/types\/post"}],"author":[{"embeddable":true,"href":"https:\/\/www.actualidadadiario.com\/index.php\/wp-json\/wp\/v2\/users\/3"}],"replies":[{"embeddable":true,"href":"https:\/\/www.actualidadadiario.com\/index.php\/wp-json\/wp\/v2\/comments?post=41132"}],"version-history":[{"count":1,"href":"https:\/\/www.actualidadadiario.com\/index.php\/wp-json\/wp\/v2\/posts\/41132\/revisions"}],"predecessor-version":[{"id":41134,"href":"https:\/\/www.actualidadadiario.com\/index.php\/wp-json\/wp\/v2\/posts\/41132\/revisions\/41134"}],"wp:featuredmedia":[{"embeddable":true,"href":"https:\/\/www.actualidadadiario.com\/index.php\/wp-json\/wp\/v2\/media\/41133"}],"wp:attachment":[{"href":"https:\/\/www.actualidadadiario.com\/index.php\/wp-json\/wp\/v2\/media?parent=41132"}],"wp:term":[{"taxonomy":"category","embeddable":true,"href":"https:\/\/www.actualidadadiario.com\/index.php\/wp-json\/wp\/v2\/categories?post=41132"},{"taxonomy":"post_tag","embeddable":true,"href":"https:\/\/www.actualidadadiario.com\/index.php\/wp-json\/wp\/v2\/tags?post=41132"}],"curies":[{"name":"wp","href":"https:\/\/api.w.org\/{rel}","templated":true}]}}