{"id":41129,"date":"2019-02-28T12:31:52","date_gmt":"2019-02-28T15:31:52","guid":{"rendered":"https:\/\/www.actualidadadiario.com\/?p=41129"},"modified":"2019-05-06T20:52:05","modified_gmt":"2019-05-06T23:52:05","slug":"macri-reune-a-diputados-y-senadores-en-olivos","status":"publish","type":"post","link":"https:\/\/www.actualidadadiario.com\/index.php\/2019\/02\/28\/macri-reune-a-diputados-y-senadores-en-olivos\/","title":{"rendered":"Macri re\u00fane a diputados y senadores en Olivos"},"content":{"rendered":"<p><em><strong>El presidente de la Naci\u00f3n Mauricio Macri recibir\u00e1 hoy jueves, en la Quinta de Olivos, a senadores y diputados nacionales pertenecientes al interbloque de Cambiemos, en la previa al discurso de apertura de sesiones ordinarias en el Congreso, que dar\u00e1 ma\u00f1ana a las 11<\/strong><\/em><\/p>\n<p>&nbsp;<\/p>\n<p>&nbsp;<\/p>\n<p>&nbsp;<\/p>\n<p>Tal como ocurri\u00f3 en los a\u00f1os anteriores de su gesti\u00f3n, antes de dirigirse al parlamento, el mandatario encabezar\u00e1 la cumbre de legisladores oficialistas, a la que tambi\u00e9n asistir\u00e1n ministros, referentes y frecuentes colaboradores del Partido. All\u00ed, seg\u00fan trascendi\u00f3, bajar\u00e1 un mensaje de unidad ante el escenario electoral que se avecina.<\/p>\n<p>Adem\u00e1s, pol\u00edticos ligados a la Uni\u00f3n C\u00edvica Radical tendr\u00e1n una importante concurrencia en el encuentro, en momentos en los que, desde aquel espacio, le reclaman al PRO que habilite una PASO, en pos de enfrentar a Macri y aportar al vicepresidente de la f\u00f3rmula que busque la reelecci\u00f3n.<\/p>\n<p>Ma\u00f1ana viernes, a partir de las 11 de la ma\u00f1ana, el presidente brindar\u00e1 el \u00faltimo mensaje de apertura de sesiones de su mandato, iniciado en diciembre de 2015. Har\u00e1 especial hincapi\u00e9 en la b\u00fasqueda de consensos ante asuntos delicados para el oficialismo, tales como el aborto y las reformas del C\u00f3digo Penal y del r\u00e9gimen juvenil.<\/p>\n<p>Asimismo, esta semana estuvo en Santa Fe. All\u00ed, convers\u00f3 con la mesa de industrializaci\u00f3n de la soja, y anunci\u00f3 junto al ministro de Producci\u00f3n y Trabajo, Dante Sica, un paquete de medidas para las Pymes y para grandes empresas, en busca de facilitar el financiamiento y la entrada de fuentes laborales.<\/p>\n","protected":false},"excerpt":{"rendered":"<p>El presidente de la Naci\u00f3n Mauricio Macri recibir\u00e1 hoy jueves, en la Quinta de Olivos, a senadores y diputados nacionales pertenecientes al interbloque de Cambiemos, en la previa al discurso de apertura de sesiones ordinarias en el Congreso, que dar\u00e1 ma\u00f1ana a las 11 &nbsp; &nbsp; &nbsp; Tal como ocurri\u00f3 en los a\u00f1os anteriores de su gesti\u00f3n, antes de dirigirse al parlamento, el mandatario encabezar\u00e1 la cumbre de legisladores oficialistas, a la que tambi\u00e9n asistir\u00e1n ministros, referentes y frecuentes colaboradores del Partido. All\u00ed, seg\u00fan trascendi\u00f3, bajar\u00e1 un mensaje de unidad&#8230;<\/p>\n","protected":false},"author":3,"featured_media":41130,"comment_status":"closed","ping_status":"closed","sticky":false,"template":"","format":"standard","meta":[],"categories":[18],"tags":[],"_links":{"self":[{"href":"https:\/\/www.actualidadadiario.com\/index.php\/wp-json\/wp\/v2\/posts\/41129"}],"collection":[{"href":"https:\/\/www.actualidadadiario.com\/index.php\/wp-json\/wp\/v2\/posts"}],"about":[{"href":"https:\/\/www.actualidadadiario.com\/index.php\/wp-json\/wp\/v2\/types\/post"}],"author":[{"embeddable":true,"href":"https:\/\/www.actualidadadiario.com\/index.php\/wp-json\/wp\/v2\/users\/3"}],"replies":[{"embeddable":true,"href":"https:\/\/www.actualidadadiario.com\/index.php\/wp-json\/wp\/v2\/comments?post=41129"}],"version-history":[{"count":1,"href":"https:\/\/www.actualidadadiario.com\/index.php\/wp-json\/wp\/v2\/posts\/41129\/revisions"}],"predecessor-version":[{"id":41131,"href":"https:\/\/www.actualidadadiario.com\/index.php\/wp-json\/wp\/v2\/posts\/41129\/revisions\/41131"}],"wp:featuredmedia":[{"embeddable":true,"href":"https:\/\/www.actualidadadiario.com\/index.php\/wp-json\/wp\/v2\/media\/41130"}],"wp:attachment":[{"href":"https:\/\/www.actualidadadiario.com\/index.php\/wp-json\/wp\/v2\/media?parent=41129"}],"wp:term":[{"taxonomy":"category","embeddable":true,"href":"https:\/\/www.actualidadadiario.com\/index.php\/wp-json\/wp\/v2\/categories?post=41129"},{"taxonomy":"post_tag","embeddable":true,"href":"https:\/\/www.actualidadadiario.com\/index.php\/wp-json\/wp\/v2\/tags?post=41129"}],"curies":[{"name":"wp","href":"https:\/\/api.w.org\/{rel}","templated":true}]}}