{"id":41123,"date":"2019-02-28T12:30:13","date_gmt":"2019-02-28T15:30:13","guid":{"rendered":"https:\/\/www.actualidadadiario.com\/?p=41123"},"modified":"2019-05-06T20:53:17","modified_gmt":"2019-05-06T23:53:17","slug":"la-cgt-se-reune-por-primera-vez-en-el-2019-para-discutir-una-posible-medida-de-fuerza","status":"publish","type":"post","link":"https:\/\/www.actualidadadiario.com\/index.php\/2019\/02\/28\/la-cgt-se-reune-por-primera-vez-en-el-2019-para-discutir-una-posible-medida-de-fuerza\/","title":{"rendered":"La CGT se re\u00fane por primera vez en el 2019 para discutir una posible medida de fuerza"},"content":{"rendered":"<p><em><strong>Adem\u00e1s, desde la central obrera se muestran inquietos por el posible anuncio del Presidente el pr\u00f3ximo viernes en el Congreso<\/strong><\/em><\/p>\n<p>&nbsp;<\/p>\n<p>&nbsp;<\/p>\n<p>La CGT se reunir\u00e1 este jueves, por primera vez en el 2019, con el objetivo de avanzar en la articulaci\u00f3n de consensos destinados a apurar una medida de fuerza para mediados de abril.<\/p>\n<p>\u201cHay una opini\u00f3n coincidente de que algo hay que hacer porque la situaci\u00f3n es demasiado complicada\u201d, asegur\u00f3 a El cronista un referente de la central obrera. Sin embargo, desestim\u00f3 que hoy se anuncie la medida de fuerza, ya que a\u00fan se debate la mejor herramienta para encarar un nuevo plan de lucha.<\/p>\n<p>El malestar de la CGT por la complicada situaci\u00f3n econ\u00f3mica y social qued\u00f3 en evidencia en la reuni\u00f3n que la central obrera mantuvo con los representantes del Fondo Monetario Internacional (FMI). En esa oportunidad, la central expuso su inquietud por los efectos de los aumentos de tarifas y alimentos en el salario de las personas, as\u00ed como el deterioro del mercado de trabajo como consecuencia de la contracci\u00f3n de la actividad econ\u00f3mica.<\/p>\n<p>Por otro lado, la conducci\u00f3n de la CGT se muestra expectante por el discurso que Mauricio Macri dar\u00e1 el pr\u00f3ximo viernes ante el Congreso, en donde podr\u00eda anunciar el env\u00edo del proyecto de ley de blanqueo laboral elaborado por el Ministerio de Producci\u00f3n y Trabajo conducido por Dante Sica.<\/p>\n<p>Ante esta posibilidad, los representantes de la central obrera se muestran inquietos, ya que rechazan varios de los puntos centrales de esa iniciativa, en especial aquellos que condonan las deudas por aportes patronales de aquellas empresas que registren personal informal.<\/p>\n","protected":false},"excerpt":{"rendered":"<p>Adem\u00e1s, desde la central obrera se muestran inquietos por el posible anuncio del Presidente el pr\u00f3ximo viernes en el Congreso &nbsp; &nbsp; La CGT se reunir\u00e1 este jueves, por primera vez en el 2019, con el objetivo de avanzar en la articulaci\u00f3n de consensos destinados a apurar una medida de fuerza para mediados de abril. \u201cHay una opini\u00f3n coincidente de que algo hay que hacer porque la situaci\u00f3n es demasiado complicada\u201d, asegur\u00f3 a El cronista un referente de la central obrera. Sin embargo, desestim\u00f3 que hoy se anuncie la medida&#8230;<\/p>\n","protected":false},"author":3,"featured_media":41124,"comment_status":"closed","ping_status":"closed","sticky":false,"template":"","format":"standard","meta":[],"categories":[18],"tags":[],"_links":{"self":[{"href":"https:\/\/www.actualidadadiario.com\/index.php\/wp-json\/wp\/v2\/posts\/41123"}],"collection":[{"href":"https:\/\/www.actualidadadiario.com\/index.php\/wp-json\/wp\/v2\/posts"}],"about":[{"href":"https:\/\/www.actualidadadiario.com\/index.php\/wp-json\/wp\/v2\/types\/post"}],"author":[{"embeddable":true,"href":"https:\/\/www.actualidadadiario.com\/index.php\/wp-json\/wp\/v2\/users\/3"}],"replies":[{"embeddable":true,"href":"https:\/\/www.actualidadadiario.com\/index.php\/wp-json\/wp\/v2\/comments?post=41123"}],"version-history":[{"count":1,"href":"https:\/\/www.actualidadadiario.com\/index.php\/wp-json\/wp\/v2\/posts\/41123\/revisions"}],"predecessor-version":[{"id":41125,"href":"https:\/\/www.actualidadadiario.com\/index.php\/wp-json\/wp\/v2\/posts\/41123\/revisions\/41125"}],"wp:featuredmedia":[{"embeddable":true,"href":"https:\/\/www.actualidadadiario.com\/index.php\/wp-json\/wp\/v2\/media\/41124"}],"wp:attachment":[{"href":"https:\/\/www.actualidadadiario.com\/index.php\/wp-json\/wp\/v2\/media?parent=41123"}],"wp:term":[{"taxonomy":"category","embeddable":true,"href":"https:\/\/www.actualidadadiario.com\/index.php\/wp-json\/wp\/v2\/categories?post=41123"},{"taxonomy":"post_tag","embeddable":true,"href":"https:\/\/www.actualidadadiario.com\/index.php\/wp-json\/wp\/v2\/tags?post=41123"}],"curies":[{"name":"wp","href":"https:\/\/api.w.org\/{rel}","templated":true}]}}