{"id":4112,"date":"2016-11-08T10:17:58","date_gmt":"2016-11-08T13:17:58","guid":{"rendered":"http:\/\/actualidadadiario.com\/site\/?p=4112"},"modified":"2016-11-08T10:17:58","modified_gmt":"2016-11-08T13:17:58","slug":"bordet-inauguro-la-muestra-itinerante-evita-marcha-en-el-museo-de-casa-de-gobierno","status":"publish","type":"post","link":"https:\/\/www.actualidadadiario.com\/index.php\/2016\/11\/08\/bordet-inauguro-la-muestra-itinerante-evita-marcha-en-el-museo-de-casa-de-gobierno\/","title":{"rendered":"Bordet inaugur\u00f3 la muestra itinerante Evita Marcha en el Museo de Casa de Gobierno"},"content":{"rendered":"<p><em><strong>El gobernador Gustavo Bordet y el vicegobernador Ad\u00e1n Bahl, junto a la sobrina nieta de Eva Duarte, legisladora y directora del Museo Evita, Cristina \u00c1lvarez Rodr\u00edguez, dejaron inaugurada la muestra itinerante Evita Marcha en el Museo de Casa de Gobierno, en el mes de 65 aniversario del primer voto femenino en el pa\u00eds. Paran\u00e1 es la primera ciudad de la Argentina donde se expone la muestra itinerante<\/strong><\/em><\/p>\n<p>&nbsp;<\/p>\n<p>&nbsp;<\/p>\n<p>&nbsp;<\/p>\n<p>&nbsp;<\/p>\n<p>Al referirse a la figura de Eva Duarte de Per\u00f3n, el mandatario acompa\u00f1ado de su esposa, Mariel \u00c1vila, dijo que fue una mujer que \u201ccambi\u00f3 la historia en la Argentina y no s\u00f3lo desde la perspectiva de g\u00e9nero, sino desde lo que signific\u00f3 el ascenso social de la clase trabajadora, en la devoluci\u00f3n de derechos de los m\u00e1s desprotegidos, especialmente los ni\u00f1os\u201d. En ese sentido, \u201cha dejado una huella y una marca imborrable\u201d.<\/p>\n<p>&nbsp;<\/p>\n<p>Record\u00f3 que \u201chac\u00eda 65 a\u00f1os hab\u00eda una democracia incompleta porque solamente votaba la mitad de la poblaci\u00f3n, solamente votaban los hombres, parece mentira\u201d, y hoy \u201cson derechos adquiridos, son derechos conquistados. Pero tambi\u00e9n las sociedades evolucionan. Y muchas veces esa conquista de derechos no acompa\u00f1\u00f3 la evoluci\u00f3n de las sociedades\u201d.<\/p>\n<p>&nbsp;<\/p>\n<p>\u201cYo recuerdo por primera vez haber escuchado hablar de la perspectiva de g\u00e9nero a mediado de los a\u00f1os 90. Antes no se hablaba. Y no era no exist\u00edan las diferencias de g\u00e9nero, estaban tipificados desde otras caracter\u00edsticas, a veces como violencia pasional, o cr\u00edmenes pasionales. La pasi\u00f3n es otra cosa. Claramente no es eso. Y digo porque hoy en nuestra provincia estamos todos conmocionados por los femicidios que han ocurrido y nos duelen mucho\u201d, puntualiz\u00f3.<\/p>\n<p>&nbsp;<\/p>\n<p>En ese marco, inform\u00f3 que convoc\u00f3 para este martes a los tres Poderes para \u201cque todo lo que se est\u00e1 haciendo pueda articularse, pueda trabajarse interrelacionadamente para ir de manera r\u00e1pida en acciones de prevenci\u00f3n\u201d.<\/p>\n<p>&nbsp;<\/p>\n<p>Dijo adem\u00e1s que a los homenajes hay que hacerlos no solo simb\u00f3licamente, sino que hay que hacerlos \u201ccon el trabajo constante, cotidiano y comprometido\u201d.<\/p>\n<p>&nbsp;<\/p>\n<p>Durante el acto, las autoridades entregaron reconocimientos a mujeres entrerrianas por su labor ciudadana, que se desempe\u00f1aron como censistas en aquella \u00e9poca, a 65 a\u00f1os del primer voto femenino en el pa\u00eds: Ana Amelia Ang\u00e9lico, de Concordia; Martha Dora Caminos, de Nogoy\u00e1, y Dora Pelletti, de Feliciano. Tambi\u00e9n se reconoci\u00f3 la labor de Esther Reitober de Rivero.<\/p>\n<p>&nbsp;<\/p>\n<p>Bordet agradeci\u00f3 \u201cespecialmente\u201d a las mujeres censistas y expres\u00f3: \u201cPara mi fue una hermosa sorpresa y una emoci\u00f3n poder encontrar a Ana (Ang\u00e9lico) nuevamente despu\u00e9s de un par a\u00f1os\u201d y record\u00f3, que \u201cfue adem\u00e1s de censista una militante toda la vida, que me ense\u00f1o a militar en la seccional primera de Concordia y que tambi\u00e9n varias veces me ret\u00f3 porque siendo pibe y con la insolencia natural, nos pon\u00eda en caja en la unidad b\u00e1sica\u201d.<\/p>\n<p>&nbsp;<\/p>\n<p>Destac\u00f3 que las censistas representan \u201chistorias de vida e historias de lucha, porque en todos estos a\u00f1os desde el voto femenino hasta aqu\u00ed no ha sido un camino sencillo. Y tampoco lo ser\u00e1 en los a\u00f1os que viene y ese es el desaf\u00edo que tenemos\u201d.<\/p>\n<p>&nbsp;<\/p>\n<p>&nbsp;<\/p>\n<p>&nbsp;<\/p>\n<p>&nbsp;<\/p>\n<p>&nbsp;<\/p>\n<p><strong>Amor en la pol\u00edtica <\/strong><\/p>\n<p>Por su parte la presidenta del Instituto Nacional de Investigaciones Hist\u00f3ricas Eva Perd\u00f3n, la diputada Nacional Cristina \u00c1lvarez Rodr\u00edguez, agradeci\u00f3 a la esposa del gobernador, Mariel \u00c1vila, &#8220;quien vino a principio de a\u00f1o al Museo Evita a pedir que hici\u00e9ramos una muestra homenaje a los 65 a\u00f1os del voto femenino y hoy se est\u00e1 concretando esta Evita Marcha, que no es nada m\u00e1s y nada menos que el comienzo de una muestra itinerante que va a recorrer todo el pa\u00eds&#8221;.<\/p>\n<p>&nbsp;<\/p>\n<p>Precis\u00f3 que la muestra &#8220;empieza por Paran\u00e1 y vamos a visitar todas las provincias para ir trasmitiendo los valores que Evita significa. Valores que tiene que ver con su capacidad de trabajo, con sentir el dolor del otro como propio, con transformar la realidad, con no darse por vencida nunca, con entregar lo mejor de s\u00ed y con saber que lo colectivo es superior a lo individual&#8221;.<\/p>\n<p>&nbsp;<\/p>\n<p>La diputada resalt\u00f3 que &#8220;todos valores que hoy nos hacen mucha falta, estamos en tiempos dif\u00edciles. Tiempos donde hay muchas familias en Argentina que la est\u00e1n pasando mal y creemos que propiciar estos valores y saber tambi\u00e9n que trascendi\u00f3 la fronteras de nuestro partido para convertirse en una figura argentina que puede propiciar la unidad de todos los que compartimos esos valores por los que ella lucho y entreg\u00f3 la vida&#8221;.<\/p>\n<p>&nbsp;<\/p>\n<p>\u00c1lvarez Rodr\u00edguez, record\u00f3 que Evita vivi\u00f3 s\u00f3lo 33 a\u00f1os, vino tres veces a Entre R\u00edos. &#8220;Les agradezco a todos los que han acercado sus cuidados, porque realmente esos bienes son cuidados, atesorados. Pasaron el `55 donde por ah\u00ed te costaba la c\u00e1rcel que te encontraran con algo de ella o de Per\u00f3n, donde hab\u00eda un decreto que prohib\u00eda que uno tuviera algo, el 4161; y hoy los traen ac\u00e1. El carnet, la etiqueta de un pan dulce y la sidra que hermanaba al pueblo el 24 de diciembre, aquel primer juguete, aquella carta, aquella oportunidad de trabajar en el correo&#8221;.<\/p>\n<p>&nbsp;<\/p>\n<p>Destac\u00f3 que &#8220;elegimos esta imagen de ella en el tren, que es como recorri\u00f3 el pa\u00eds. Las mujeres en esa \u00e9poca no nos sub\u00edamos a ning\u00fan medio p\u00fablico, ni sal\u00edamos a hacer campa\u00f1a pol\u00edtica; ella tuvo el don de colocar el amor en la pol\u00edtica. Eso fue una transformaci\u00f3n definitiva y con su inteligencia emocional pudo comunicarse con todos, con los trabajadores de los sindicatos, con el pueblo en toda su representaci\u00f3n, desde los ni\u00f1os hasta los ancianos, y por sobre todas las cosas con las mujeres&#8221;.<\/p>\n<p>&nbsp;<\/p>\n<p>Por \u00faltimo, subray\u00f3: &#8220;Vale mi homenaje tambi\u00e9n a Juana Larrauri, querida compa\u00f1era de Entre R\u00edos que hizo tanta tarea tambi\u00e9n desde su lugar de senadora y militante peronista&#8221;.<\/p>\n<p>&nbsp;<\/p>\n<p>En el acto estuvieron presentes la esposa del vicegobernador, Claudia Silva; ministros del Poder Ejecutivo, legisladores nacionales y provinciales, secretarios, directores y coordinadores provinciales, el entre otras autoridades.<\/p>\n<p>&nbsp;<\/p>\n<p>&nbsp;<\/p>\n<p>&nbsp;<\/p>\n<p>&nbsp;<\/p>\n<p>&nbsp;<\/p>\n<p><strong>La muestra <\/strong><\/p>\n<p>Evita Marcha, consiste en una breve rese\u00f1a de la vida de Evita, desde la ni\u00f1ez, su actividad como actriz, la actividad pol\u00edtica, todo lo que signific\u00f3 el trabajo del voto femenino y objetos que corresponden a su labor en la historia argentina, como juguetes de la Fundaci\u00f3n Eva Per\u00f3n; algunas vestimentas que ella utilizaba en distintas situaciones, como zapatos, sombreros, vestidos; recortes de revistas y diarios de la \u00e9poca.<\/p>\n<p>&nbsp;<\/p>\n<p>La muestra ocupa una parte de las salas del museo, donde se exhiben numerosos banners mostrando todo el proceso de la vida de Evita en la Argentina. Adem\u00e1s habr\u00e1 visitas guiadas cada 30 minutos.<\/p>\n<p>&nbsp;<\/p>\n<p>La exposici\u00f3n podr\u00e1 ser visitada desde el 8 al 21 de noviembre, de lunes a viernes de 9 a 18; y s\u00e1bados y domingos de 9 a 12 y de 17 a 20.<\/p>\n","protected":false},"excerpt":{"rendered":"<p>El gobernador Gustavo Bordet y el vicegobernador Ad\u00e1n Bahl, junto a la sobrina nieta de Eva Duarte, legisladora y directora del Museo Evita, Cristina \u00c1lvarez Rodr\u00edguez, dejaron inaugurada la muestra itinerante Evita Marcha en el Museo de Casa de Gobierno, en el mes de 65 aniversario del primer voto femenino en el pa\u00eds. Paran\u00e1 es la primera ciudad de la Argentina donde se expone la muestra itinerante &nbsp; &nbsp; &nbsp; &nbsp; Al referirse a la figura de Eva Duarte de Per\u00f3n, el mandatario acompa\u00f1ado de su esposa, Mariel \u00c1vila, dijo&#8230;<\/p>\n","protected":false},"author":3,"featured_media":4113,"comment_status":"closed","ping_status":"closed","sticky":false,"template":"","format":"standard","meta":[],"categories":[15],"tags":[],"_links":{"self":[{"href":"https:\/\/www.actualidadadiario.com\/index.php\/wp-json\/wp\/v2\/posts\/4112"}],"collection":[{"href":"https:\/\/www.actualidadadiario.com\/index.php\/wp-json\/wp\/v2\/posts"}],"about":[{"href":"https:\/\/www.actualidadadiario.com\/index.php\/wp-json\/wp\/v2\/types\/post"}],"author":[{"embeddable":true,"href":"https:\/\/www.actualidadadiario.com\/index.php\/wp-json\/wp\/v2\/users\/3"}],"replies":[{"embeddable":true,"href":"https:\/\/www.actualidadadiario.com\/index.php\/wp-json\/wp\/v2\/comments?post=4112"}],"version-history":[{"count":1,"href":"https:\/\/www.actualidadadiario.com\/index.php\/wp-json\/wp\/v2\/posts\/4112\/revisions"}],"predecessor-version":[{"id":4114,"href":"https:\/\/www.actualidadadiario.com\/index.php\/wp-json\/wp\/v2\/posts\/4112\/revisions\/4114"}],"wp:featuredmedia":[{"embeddable":true,"href":"https:\/\/www.actualidadadiario.com\/index.php\/wp-json\/wp\/v2\/media\/4113"}],"wp:attachment":[{"href":"https:\/\/www.actualidadadiario.com\/index.php\/wp-json\/wp\/v2\/media?parent=4112"}],"wp:term":[{"taxonomy":"category","embeddable":true,"href":"https:\/\/www.actualidadadiario.com\/index.php\/wp-json\/wp\/v2\/categories?post=4112"},{"taxonomy":"post_tag","embeddable":true,"href":"https:\/\/www.actualidadadiario.com\/index.php\/wp-json\/wp\/v2\/tags?post=4112"}],"curies":[{"name":"wp","href":"https:\/\/api.w.org\/{rel}","templated":true}]}}