{"id":41106,"date":"2019-02-28T12:25:48","date_gmt":"2019-02-28T15:25:48","guid":{"rendered":"https:\/\/www.actualidadadiario.com\/?p=41106"},"modified":"2019-05-06T20:57:11","modified_gmt":"2019-05-06T23:57:11","slug":"adelantan-suba-del-salario-minimo-por-la-inflacion-12-500-desde-manana","status":"publish","type":"post","link":"https:\/\/www.actualidadadiario.com\/index.php\/2019\/02\/28\/adelantan-suba-del-salario-minimo-por-la-inflacion-12-500-desde-manana\/","title":{"rendered":"Adelantan suba del salario m\u00ednimo por la inflaci\u00f3n: $12.500 desde ma\u00f1ana"},"content":{"rendered":"<p><em><strong>Estaba previsto para junio. El alza de los precios no da tregua<\/strong><\/em><\/p>\n<p>&nbsp;<\/p>\n<p>&nbsp;<\/p>\n<p>&nbsp;<\/p>\n<p>&nbsp;<\/p>\n<p>El Gobierno decidi\u00f3 hoy adelantar un trimestre el alza prevista del Salario M\u00ednimo VItal y M\u00f3vil (SMVM), que subir\u00e1 a 12.500 pesos desde ma\u00f1ana, de acuerdo con la Resoluci\u00f3n 1\/20019 del Ministerio de Producci\u00f3n y Trabajo.<\/p>\n<p>La resoluci\u00f3n establece que a partir del 1ro de marzo el nuevo salario se aplicar\u00e1 a todos los trabajadores mensualizados que cumplen la jornada legal completa de trabajo.<\/p>\n<p>&nbsp;<\/p>\n<p><strong>El cronograma original de aumentos establec\u00eda la siguiente subida del SMVM:<\/strong><\/p>\n<p>-Entre el 1\u00b0 de septiembre de 2018 y el 30 de noviembre de 2018. $10.700.<\/p>\n<p>-Entre el 1\u00b0 de diciembre de 2018 y el 28 de febrero de 2019: $11.300.<\/p>\n<p>-Entre el 1\u00b0 de marzo de 2019 y 31 de mayo de 2019: $11.900.<\/p>\n<p>-A partir del 1\u00b0 de junio de 2019: $12.500.<\/p>\n<p>&nbsp;<\/p>\n<p>La decisi\u00f3n de emergencia del Gobierno ocurr\u00eda en un contexto de alza generalizada de los precios, con una inflaci\u00f3n que podr\u00eda rozar el 4 por ciento en febrero y que llegar\u00eda a casi 10 por ciento en el primer trimestre.<\/p>\n<p>Y mientras la econom\u00eda continuaba destruyendo puestos de trabajo: en 2018, m\u00e1s de 190.000 trabajadores perdieron su empleo, de acuerdo con datos oficiales.<\/p>\n","protected":false},"excerpt":{"rendered":"<p>Estaba previsto para junio. El alza de los precios no da tregua &nbsp; &nbsp; &nbsp; &nbsp; El Gobierno decidi\u00f3 hoy adelantar un trimestre el alza prevista del Salario M\u00ednimo VItal y M\u00f3vil (SMVM), que subir\u00e1 a 12.500 pesos desde ma\u00f1ana, de acuerdo con la Resoluci\u00f3n 1\/20019 del Ministerio de Producci\u00f3n y Trabajo. La resoluci\u00f3n establece que a partir del 1ro de marzo el nuevo salario se aplicar\u00e1 a todos los trabajadores mensualizados que cumplen la jornada legal completa de trabajo. &nbsp; El cronograma original de aumentos establec\u00eda la siguiente subida&#8230;<\/p>\n","protected":false},"author":3,"featured_media":41107,"comment_status":"closed","ping_status":"closed","sticky":false,"template":"","format":"standard","meta":[],"categories":[9],"tags":[],"_links":{"self":[{"href":"https:\/\/www.actualidadadiario.com\/index.php\/wp-json\/wp\/v2\/posts\/41106"}],"collection":[{"href":"https:\/\/www.actualidadadiario.com\/index.php\/wp-json\/wp\/v2\/posts"}],"about":[{"href":"https:\/\/www.actualidadadiario.com\/index.php\/wp-json\/wp\/v2\/types\/post"}],"author":[{"embeddable":true,"href":"https:\/\/www.actualidadadiario.com\/index.php\/wp-json\/wp\/v2\/users\/3"}],"replies":[{"embeddable":true,"href":"https:\/\/www.actualidadadiario.com\/index.php\/wp-json\/wp\/v2\/comments?post=41106"}],"version-history":[{"count":1,"href":"https:\/\/www.actualidadadiario.com\/index.php\/wp-json\/wp\/v2\/posts\/41106\/revisions"}],"predecessor-version":[{"id":41108,"href":"https:\/\/www.actualidadadiario.com\/index.php\/wp-json\/wp\/v2\/posts\/41106\/revisions\/41108"}],"wp:featuredmedia":[{"embeddable":true,"href":"https:\/\/www.actualidadadiario.com\/index.php\/wp-json\/wp\/v2\/media\/41107"}],"wp:attachment":[{"href":"https:\/\/www.actualidadadiario.com\/index.php\/wp-json\/wp\/v2\/media?parent=41106"}],"wp:term":[{"taxonomy":"category","embeddable":true,"href":"https:\/\/www.actualidadadiario.com\/index.php\/wp-json\/wp\/v2\/categories?post=41106"},{"taxonomy":"post_tag","embeddable":true,"href":"https:\/\/www.actualidadadiario.com\/index.php\/wp-json\/wp\/v2\/tags?post=41106"}],"curies":[{"name":"wp","href":"https:\/\/api.w.org\/{rel}","templated":true}]}}