{"id":41103,"date":"2019-02-28T12:25:11","date_gmt":"2019-02-28T15:25:11","guid":{"rendered":"https:\/\/www.actualidadadiario.com\/?p=41103"},"modified":"2019-05-06T20:55:34","modified_gmt":"2019-05-06T23:55:34","slug":"el-2018-termino-con-una-perdida-de-191-000-puestos-de-trabajo-registrados","status":"publish","type":"post","link":"https:\/\/www.actualidadadiario.com\/index.php\/2019\/02\/28\/el-2018-termino-con-una-perdida-de-191-000-puestos-de-trabajo-registrados\/","title":{"rendered":"El 2018 termin\u00f3 con una p\u00e9rdida de 191.000 puestos de trabajo registrados"},"content":{"rendered":"<p><em><strong>Los asalariados privados fueron los m\u00e1s perjudicados y se ubican en niveles inferiores a los de 2014<\/strong><\/em><\/p>\n<p>&nbsp;<\/p>\n<p>&nbsp;<\/p>\n<p>&nbsp;<\/p>\n<p>El 2018 va a quedar en la historia como uno de los peores a\u00f1os en el mercado de trabajo desde la crisis del 2001, tanto por la p\u00e9rdida de puestos laborales como por la impresionante ca\u00edda del salario real.<\/p>\n<p>Esto se termin\u00f3 de confirmar esta tarde, cuando la Secretar\u00eda de Trabajo public\u00f3 las \u00faltimas cifras de dicho per\u00edodo, que arrojaron una destrucci\u00f3n de 191.300 vacantes y un retroceso salarial del 9,3%.<\/p>\n<p>Seg\u00fan los especialistas, por cada puesto de trabajo registrado que se destruye, el empleo formal pierde un promedio de dos vacantes. Por lo tanto, se podr\u00eda estimar que la crisis ya se llev\u00f3 m\u00e1s de 600.000 vacantes en lo que va del a\u00f1o, sin contar el impacto en los miles de j\u00f3venes que se incorporaron al mercado laboral este a\u00f1o sin poder encontrar un trabajo.<\/p>\n<p>Es que mientras la tasa de incorporaci\u00f3n a la poblaci\u00f3n econ\u00f3micamente activa se calcula en el 1,1% -porcentaje m\u00ednimo que deber\u00eda avanzar la creaci\u00f3n de trabajo para mantener el desempleo estable-, la cantidad de trabajadores formales retrocedi\u00f3 un 1,5% de forma interanual.<\/p>\n<p>El nuevo salto inflacionario complica el plan del Gobierno de reactivar la econom\u00eda v\u00eda paritarias<\/p>\n<p>Para colmo, los peores indicadores se evidenciaron en el sector de asalariados del sector privado, justamente el rubro que m\u00e1s importancia le daba el gobierno, al vincularlo con el &#8220;empleo de calidad&#8221;, en desmedro de los estatales.<\/p>\n<p>La cantidad de asalariados privados no solamente se redujo en 130.800 vacantes, sino que incluso se encuentra por debajo del nivel registrado en 2014. Las ca\u00eddas m\u00e1s sustanciales del a\u00f1o se observan en la industria, comercio y construcci\u00f3n -las ramas con mayor participaci\u00f3n en el empleo total- con un desplome de 61.000, 36.300 y 13.600 puestos, respectivamente.<\/p>\n<p>Por el contrario, el agro, la explotaci\u00f3n de minas y canteras y la pesca tuvieron un dinamismo positivo al crear 6.900 vacantes en su conjunto. El dato fue celebrado con gran entusiasmo por las autoridades, que quisieron colocarlo como un s\u00edmbolo del supuesto cambio de rumbo que se acerca en la materia.<\/p>\n<p>&#8220;Cerramos el a\u00f1o con el agro y las econom\u00edas regionales creando empleo. Estamos saliendo de esta situaci\u00f3n y a medida que la actividad econ\u00f3mica comience a reactivarse lo vamos a ver en el resto de las ramas&#8221;, prometi\u00f3 la nueva secretaria de Transformaci\u00f3n Productiva Paula Szenkman.<\/p>\n<p>A nivel geogr\u00e1fico, todas las provincias sufrieron el impacto de la recesi\u00f3n en t\u00e9rminos laborales, salvo Jujuy y Neuqu\u00e9n, que tuvieron un avance del 2,4% y el 6,2%, que se relaciona al buen momento de la miner\u00eda y Vaca Muerta.<\/p>\n<p>&#8220;Fue un 2018 complejo, pero ahora tenemos un escenario m\u00e1s despejado en el terreno financiero, con una macro estable que permitir\u00e1 alcanzar un crecimiento s\u00f3lido a largo plazo&#8221;, subray\u00f3 Szenkman, a pesar de que las expectativas relevadas por el propio ministerio indican lo contrario.<\/p>\n<p>La tradicional Encuesta de Indicadores Laborales (EIL) que se realiza entre m\u00e1s de 3.000 empresas privadas formales de doce centros urbanos, prev\u00e9 una variaci\u00f3n interanual negativa del 2,3% en el \u00edndice de empleo de enero. A su vez, las expectativas netas de aumento de dotaci\u00f3n de personal arrojaron el peor resultado desde el 2009, con un valor negativo del 2,2%.<\/p>\n<p>Este \u00edndice, que surge de la proporci\u00f3n de empresas que espera aumentar sus dotaciones y aquellas que esperan disminuirlas para los pr\u00f3ximos tres meses.<\/p>\n<p>Por otro lado, la p\u00e9rdida del poder adquisitivo del promedio de los salarios privados formales alcanz\u00f3 el 9,3% para todo el a\u00f1o, lo que, como explic\u00f3 este medio, tira por la borda el plan de Dujovne de reactivar la econom\u00eda v\u00eda paritarias.<\/p>\n","protected":false},"excerpt":{"rendered":"<p>Los asalariados privados fueron los m\u00e1s perjudicados y se ubican en niveles inferiores a los de 2014 &nbsp; &nbsp; &nbsp; El 2018 va a quedar en la historia como uno de los peores a\u00f1os en el mercado de trabajo desde la crisis del 2001, tanto por la p\u00e9rdida de puestos laborales como por la impresionante ca\u00edda del salario real. Esto se termin\u00f3 de confirmar esta tarde, cuando la Secretar\u00eda de Trabajo public\u00f3 las \u00faltimas cifras de dicho per\u00edodo, que arrojaron una destrucci\u00f3n de 191.300 vacantes y un retroceso salarial del&#8230;<\/p>\n","protected":false},"author":3,"featured_media":41104,"comment_status":"closed","ping_status":"closed","sticky":false,"template":"","format":"standard","meta":[],"categories":[2],"tags":[],"_links":{"self":[{"href":"https:\/\/www.actualidadadiario.com\/index.php\/wp-json\/wp\/v2\/posts\/41103"}],"collection":[{"href":"https:\/\/www.actualidadadiario.com\/index.php\/wp-json\/wp\/v2\/posts"}],"about":[{"href":"https:\/\/www.actualidadadiario.com\/index.php\/wp-json\/wp\/v2\/types\/post"}],"author":[{"embeddable":true,"href":"https:\/\/www.actualidadadiario.com\/index.php\/wp-json\/wp\/v2\/users\/3"}],"replies":[{"embeddable":true,"href":"https:\/\/www.actualidadadiario.com\/index.php\/wp-json\/wp\/v2\/comments?post=41103"}],"version-history":[{"count":1,"href":"https:\/\/www.actualidadadiario.com\/index.php\/wp-json\/wp\/v2\/posts\/41103\/revisions"}],"predecessor-version":[{"id":41105,"href":"https:\/\/www.actualidadadiario.com\/index.php\/wp-json\/wp\/v2\/posts\/41103\/revisions\/41105"}],"wp:featuredmedia":[{"embeddable":true,"href":"https:\/\/www.actualidadadiario.com\/index.php\/wp-json\/wp\/v2\/media\/41104"}],"wp:attachment":[{"href":"https:\/\/www.actualidadadiario.com\/index.php\/wp-json\/wp\/v2\/media?parent=41103"}],"wp:term":[{"taxonomy":"category","embeddable":true,"href":"https:\/\/www.actualidadadiario.com\/index.php\/wp-json\/wp\/v2\/categories?post=41103"},{"taxonomy":"post_tag","embeddable":true,"href":"https:\/\/www.actualidadadiario.com\/index.php\/wp-json\/wp\/v2\/tags?post=41103"}],"curies":[{"name":"wp","href":"https:\/\/api.w.org\/{rel}","templated":true}]}}