{"id":41097,"date":"2019-02-28T12:23:49","date_gmt":"2019-02-28T15:23:49","guid":{"rendered":"https:\/\/www.actualidadadiario.com\/?p=41097"},"modified":"2019-05-06T20:55:13","modified_gmt":"2019-05-06T23:55:13","slug":"el-gobierno-de-brasil-cerro-el-ingreso-de-las-frutas-provenientes-de-argentina","status":"publish","type":"post","link":"https:\/\/www.actualidadadiario.com\/index.php\/2019\/02\/28\/el-gobierno-de-brasil-cerro-el-ingreso-de-las-frutas-provenientes-de-argentina\/","title":{"rendered":"El gobierno de Brasil cerr\u00f3 el ingreso de las frutas provenientes de Argentina"},"content":{"rendered":"<p><em><strong>La medida afecta fundamentalmente a los productores del Alto Valle de R\u00edo Negro. El sector factura actualmente unos 15.000 millones de pesos, de los que Brasil representa alrededor de 6000 millones de pesos, unos 150 millones de d\u00f3lares<\/strong><\/em><\/p>\n<p>&nbsp;<\/p>\n<p>&nbsp;<\/p>\n<p>&nbsp;<\/p>\n<p>El gobierno de Brasil les cerr\u00f3 ayer las puertas por tiempo indeterminado a las peras y manzanas argentinas. La medida afecta fundamentalmente a los productores del Alto Valle de R\u00edo Negro. El sector factura actualmente unos 15.000 millones de pesos, de los que Brasil representa alrededor de 6000 millones de pesos, unos 150 millones de d\u00f3lares.<\/p>\n<p>El Ministerio de Agricultura del pa\u00eds vecino asegur\u00f3 la prohibici\u00f3n es en respuesta a la presencia de la plaga Carpocapsa o polilla del manzano. \u201cCreo que esta decisi\u00f3n no es estrictamente sanitaria. Cuando uno quiere poner a prueba un sistema de mitigaci\u00f3n y quiere ponerse m\u00e1s estricto que antes va a encontrar alguna muestra de la plaga\u201d, se\u00f1al\u00f3 el ministro de Producci\u00f3n de Neuqu\u00e9n, Facundo L\u00f3pez Raggi. Luego explic\u00f3 que Argentina tiene acordado con Brasil un sistema de mitigaci\u00f3n, pero eso no significa \u201cpresencia cero de la plaga\u201d.<\/p>\n<p>La decisi\u00f3n de Brasil impactar\u00e1 de lleno en las econom\u00edas regionales de R\u00edo Negro y Neuqu\u00e9n en un momento profunda crisis, pues el cierre del mercado brasile\u00f1o se combina con la reciente vuelta de las retenciones a las exportaciones, la elevada presi\u00f3n impositiva, el fuerte aumento de los precios de la energ\u00eda, la suba de costos impulsada por la devaluaci\u00f3n y el encarecimiento de los cr\u00e9ditos en un contexto de tasas altas. En junio de 2018 el Ministerio de Agroindustria hab\u00eda decidido prorrogar por un a\u00f1o la emergencia econ\u00f3mica, productiva, financiera y social para la cadena de peras y manzanas de las provincias de Neuqu\u00e9n, R\u00edo Negro, Mendoza, San Juan y La Pampa, declarada por la Ley N\u00b0 27.354 y sus modificatorias. Desde entonces, la situaci\u00f3n no hizo m\u00e1s que empeorar.<\/p>\n<p>\u201cSe resuelve suspender el plan de trabajo que implement\u00f3 el sistema integrado para el decrecimiento del riesgo asociado a la plaga de Cydia pomonella para la importaci\u00f3n de las frutas frescas de pera (pyrus spp), manzana (malis spp) y membrillos (Cydonia de forma oblonga) procedentes de la Rep\u00fablica Argentina vigente desde noviembre de 2015\u201d, indica el texto con la firma de Carlos Goulart, director del Departamento de Sanidad Vegetal y Consumos Agr\u00edcolas (ABPM), publicado en el Bolet\u00edn Oficial de Brasil. La Carpocapsa (Cydia pomonella) es conocida como gusano o polilla de la pera y la manzana, y puede expandirse entre las chacras, adem\u00e1s de que afecta seriamente la calidad de la fruta de exportaci\u00f3n la que, en teor\u00eda, debe tener color y formas \u201cperfectas\u201d en los mercados de mayor inter\u00e9s.<\/p>\n<p>Entre enero y febrero el Ministerio de Agricultura brasile\u00f1o dispuso el rechazo de 9 camiones con peras y manzanas por un total de unas 200 toneladas, pero ahora se produjo un cierre completo. La Asociaci\u00f3n Brasile\u00f1a de Productores de Manzana (ABPM) hab\u00eda presionado para que el gobierno de su pa\u00eds cierre las fronteras a las importaciones de peras y manzanas provenientes de la Argentina.<\/p>\n<p>El vicepresidente del Senasa, Guillermo Rossi, consider\u00f3 que la suspensi\u00f3n es una \u201cluz amarilla que pone Brasil\u201d. \u201cEstamos trabajando desde cada uno de los sectores involucrados, p\u00fablicos y privados, para lograr que se levante lo antes posible la suspensi\u00f3n\u201d, indic\u00f3. De hecho, el Senasa est\u00e1 manteniendo negociaciones con el Departamento de Sanidad Vegetal del Ministerio de Agricultura Pecuaria y Abastecimiento (MAPA) a los efectos de ampliar la informaci\u00f3n t\u00e9cnica enviada y las medidas tomadas con respecto a dichas intercepciones basadas en el plan de trabajo.<\/p>\n<p>A su vez, detallaron que se est\u00e1 trabajando con productores y exportadores a cuyos cargamentos enviados con destino al vecino pa\u00eds se le detectaron larvas vivas de la plaga, con medidas como la suspensi\u00f3n de establecimientos, unidades productivas, galpones de empaque y exportadores. \u201cEsto adem\u00e1s implica una investigaci\u00f3n documental y t\u00e9cnica para encontrar las razones de la presencia de la plaga\u201d, insistieron.<\/p>\n<p>\u201cVenimos aplicando todas las medidas contempladas en el plan de trabajo acordado con Brasil en 2015 y que hasta ahora hab\u00eda dado muy buenos resultados, pero este a\u00f1o se han dado intercepciones. Por ello extremamos los controles, un trabajo que estamos realizando junto con las provincias y el sector privado, con quienes nos reunimos la semana pasada\u201d, sentenci\u00f3 Rossi. Desde la Subsecretar\u00eda de Producci\u00f3n de R\u00edo Negro especificaron que 571 monitoreos de da\u00f1o de carpocapsa dieron como resultado que el 70 por ciento de los productores adheridos al programa de Sanidad cuentan con valores menores a 0,5 por ciento de da\u00f1o. Informaron que se destinaron 60 millones de pesos en la provincia para la cosecha 2018 y en lo que va de la 2019, para financiar insumos sanitarios a los productores primarios, contratar monitoreadores y erradicar montes con riesgo de afectar a otros con la plaga.<\/p>\n","protected":false},"excerpt":{"rendered":"<p>La medida afecta fundamentalmente a los productores del Alto Valle de R\u00edo Negro. El sector factura actualmente unos 15.000 millones de pesos, de los que Brasil representa alrededor de 6000 millones de pesos, unos 150 millones de d\u00f3lares &nbsp; &nbsp; &nbsp; El gobierno de Brasil les cerr\u00f3 ayer las puertas por tiempo indeterminado a las peras y manzanas argentinas. La medida afecta fundamentalmente a los productores del Alto Valle de R\u00edo Negro. El sector factura actualmente unos 15.000 millones de pesos, de los que Brasil representa alrededor de 6000 millones&#8230;<\/p>\n","protected":false},"author":3,"featured_media":41098,"comment_status":"closed","ping_status":"closed","sticky":false,"template":"","format":"standard","meta":[],"categories":[2],"tags":[],"_links":{"self":[{"href":"https:\/\/www.actualidadadiario.com\/index.php\/wp-json\/wp\/v2\/posts\/41097"}],"collection":[{"href":"https:\/\/www.actualidadadiario.com\/index.php\/wp-json\/wp\/v2\/posts"}],"about":[{"href":"https:\/\/www.actualidadadiario.com\/index.php\/wp-json\/wp\/v2\/types\/post"}],"author":[{"embeddable":true,"href":"https:\/\/www.actualidadadiario.com\/index.php\/wp-json\/wp\/v2\/users\/3"}],"replies":[{"embeddable":true,"href":"https:\/\/www.actualidadadiario.com\/index.php\/wp-json\/wp\/v2\/comments?post=41097"}],"version-history":[{"count":1,"href":"https:\/\/www.actualidadadiario.com\/index.php\/wp-json\/wp\/v2\/posts\/41097\/revisions"}],"predecessor-version":[{"id":41099,"href":"https:\/\/www.actualidadadiario.com\/index.php\/wp-json\/wp\/v2\/posts\/41097\/revisions\/41099"}],"wp:featuredmedia":[{"embeddable":true,"href":"https:\/\/www.actualidadadiario.com\/index.php\/wp-json\/wp\/v2\/media\/41098"}],"wp:attachment":[{"href":"https:\/\/www.actualidadadiario.com\/index.php\/wp-json\/wp\/v2\/media?parent=41097"}],"wp:term":[{"taxonomy":"category","embeddable":true,"href":"https:\/\/www.actualidadadiario.com\/index.php\/wp-json\/wp\/v2\/categories?post=41097"},{"taxonomy":"post_tag","embeddable":true,"href":"https:\/\/www.actualidadadiario.com\/index.php\/wp-json\/wp\/v2\/tags?post=41097"}],"curies":[{"name":"wp","href":"https:\/\/api.w.org\/{rel}","templated":true}]}}