{"id":41091,"date":"2019-02-28T12:22:01","date_gmt":"2019-02-28T15:22:01","guid":{"rendered":"https:\/\/www.actualidadadiario.com\/?p=41091"},"modified":"2019-05-06T20:53:30","modified_gmt":"2019-05-06T23:53:30","slug":"juez-confirmo-que-el-intendente-varisco-ira-a-juicio-por-sus-vinculos-con-el-narcotrafico","status":"publish","type":"post","link":"https:\/\/www.actualidadadiario.com\/index.php\/2019\/02\/28\/juez-confirmo-que-el-intendente-varisco-ira-a-juicio-por-sus-vinculos-con-el-narcotrafico\/","title":{"rendered":"Juez confirm\u00f3 que el intendente Varisco ir\u00e1 a juicio por sus v\u00ednculos con el narcotr\u00e1fico"},"content":{"rendered":"<p><em><strong>El juez federal Leandro R\u00edos rechaz\u00f3 los planteos de nulidad y elev\u00f3 a juicio la causa donde se investiga al intendente de Paran\u00e1 por presuntas vinculaciones con la organizaci\u00f3n narcocriminal encabezada por Daniel Celis<\/strong><\/em><\/p>\n<p>&nbsp;<\/p>\n<p>&nbsp;<\/p>\n<p>La causa por narcotr\u00e1fico que investiga los lazos de la banda de Daniel Tavi Celis con la pol\u00edtica local fue remitida a juicio. El juez Leandro R\u00edos la elev\u00f3 a juicio e incluy\u00f3 a Sergio Varisco en la n\u00f3mina de imputados, confirmaron fuentes judiciales.<\/p>\n<p>La resoluci\u00f3n de la Justicia Federal, de fecha de este mi\u00e9rcoles 27 de febrero, dispuso la elevaci\u00f3n a juicio de la causa Celis-Varisco. Adem\u00e1s, se rechaza el pedido de nulidad que hab\u00eda presentado la defensa del intendente de Paran\u00e1.<\/p>\n<p>De esta manera, Varisco deber\u00e1 sentarse en el banquillo de los acusados, para brindar explicaciones por el supuesto rol que habr\u00eda ocupado para financiar las actividades de venta de estupefacientes en la banda liderada por Celis.<\/p>\n<p>El pedido de elevaci\u00f3n a juicio hab\u00eda sido formalizado por el fiscal Federal interino de Primera Instancia Carlos Garc\u00eda Escalada, entendiendo que est\u00e1 finalizada la etapa de investigaci\u00f3n y que se debe proceder con el juicio.<\/p>\n<p>Dentro de la causa est\u00e1n imputados Celis, su expareja Luciana Ernestina Lemos, su hermano Eduardo Humberto Celis, su sobrino Nahuel Jonatan Eduardo Celis, Wilber Figueroa Lagos, Juan Manuel G\u00f3mez y Jonathan Jes\u00fas Heintz. Adem\u00e1s, se incluye al concejal de Cambiemos Pablo Hern\u00e1ndez, la exfuncionaria de Seguridad de la comuna Griselda Bordeira y el empleado municipal de Tr\u00e1nsito Alan Viola.<\/p>\n","protected":false},"excerpt":{"rendered":"<p>El juez federal Leandro R\u00edos rechaz\u00f3 los planteos de nulidad y elev\u00f3 a juicio la causa donde se investiga al intendente de Paran\u00e1 por presuntas vinculaciones con la organizaci\u00f3n narcocriminal encabezada por Daniel Celis &nbsp; &nbsp; La causa por narcotr\u00e1fico que investiga los lazos de la banda de Daniel Tavi Celis con la pol\u00edtica local fue remitida a juicio. El juez Leandro R\u00edos la elev\u00f3 a juicio e incluy\u00f3 a Sergio Varisco en la n\u00f3mina de imputados, confirmaron fuentes judiciales. La resoluci\u00f3n de la Justicia Federal, de fecha de este&#8230;<\/p>\n","protected":false},"author":3,"featured_media":41092,"comment_status":"closed","ping_status":"closed","sticky":false,"template":"","format":"standard","meta":[],"categories":[15],"tags":[],"_links":{"self":[{"href":"https:\/\/www.actualidadadiario.com\/index.php\/wp-json\/wp\/v2\/posts\/41091"}],"collection":[{"href":"https:\/\/www.actualidadadiario.com\/index.php\/wp-json\/wp\/v2\/posts"}],"about":[{"href":"https:\/\/www.actualidadadiario.com\/index.php\/wp-json\/wp\/v2\/types\/post"}],"author":[{"embeddable":true,"href":"https:\/\/www.actualidadadiario.com\/index.php\/wp-json\/wp\/v2\/users\/3"}],"replies":[{"embeddable":true,"href":"https:\/\/www.actualidadadiario.com\/index.php\/wp-json\/wp\/v2\/comments?post=41091"}],"version-history":[{"count":1,"href":"https:\/\/www.actualidadadiario.com\/index.php\/wp-json\/wp\/v2\/posts\/41091\/revisions"}],"predecessor-version":[{"id":41093,"href":"https:\/\/www.actualidadadiario.com\/index.php\/wp-json\/wp\/v2\/posts\/41091\/revisions\/41093"}],"wp:featuredmedia":[{"embeddable":true,"href":"https:\/\/www.actualidadadiario.com\/index.php\/wp-json\/wp\/v2\/media\/41092"}],"wp:attachment":[{"href":"https:\/\/www.actualidadadiario.com\/index.php\/wp-json\/wp\/v2\/media?parent=41091"}],"wp:term":[{"taxonomy":"category","embeddable":true,"href":"https:\/\/www.actualidadadiario.com\/index.php\/wp-json\/wp\/v2\/categories?post=41091"},{"taxonomy":"post_tag","embeddable":true,"href":"https:\/\/www.actualidadadiario.com\/index.php\/wp-json\/wp\/v2\/tags?post=41091"}],"curies":[{"name":"wp","href":"https:\/\/api.w.org\/{rel}","templated":true}]}}