{"id":41088,"date":"2019-02-28T12:21:21","date_gmt":"2019-02-28T15:21:21","guid":{"rendered":"https:\/\/www.actualidadadiario.com\/?p=41088"},"modified":"2019-05-06T20:56:51","modified_gmt":"2019-05-06T23:56:51","slug":"ate-presento-un-proyecto-para-que-se-declare-la-emergencia-tarifaria-provincial","status":"publish","type":"post","link":"https:\/\/www.actualidadadiario.com\/index.php\/2019\/02\/28\/ate-presento-un-proyecto-para-que-se-declare-la-emergencia-tarifaria-provincial\/","title":{"rendered":"ATE present\u00f3 un proyecto para que se declare la emergencia tarifaria provincial"},"content":{"rendered":"<p><em><strong>La Asociaci\u00f3n de Trabajadores del Estado de Entre R\u00edos (ATE) present\u00f3 al Ejecutivo un proyecto de Ley por el que busca establecer como derechos fundamentales y humanos la energ\u00eda y los servicios p\u00fablicos. Fue este martes, en el marco del paro nacional<\/strong><\/em><\/p>\n<p>&nbsp;<\/p>\n<p>&nbsp;<\/p>\n<p>&nbsp;<\/p>\n<p>\u201cAnte la dura situaci\u00f3n que atraviesan los trabajadores por el brutal ajuste que implica tarifazos y una fuerte inflaci\u00f3n, desde ATE Entre R\u00edos entregaron al gobierno provincial una iniciativa que busca un r\u00e9gimen de tarifa social para el servicio p\u00fablico de distribuci\u00f3n de electricidad y de acceso al agua potable y saneamiento b\u00e1sico\u201d, indic\u00f3 el secretario general, Oscar Muntes.<\/p>\n<p>En ese sentido, precis\u00f3 que \u201cel Estado provincial deber\u00e1 proponer y realizar gestiones para que el costo de la tarifa social del servicio p\u00fablicos de distribuci\u00f3n de electricidad sean absorbido por las concesionarias; que el sistema energ\u00e9tico nacional desdolarice la tarifa;\u00a0 y que cada una de las partes del sistema energ\u00e9tico nacional sea prestado por el Estado nacional, por el Estado provincial o empresas estatales creadas a tal efecto\u201d.<\/p>\n<p>Al respecto, explic\u00f3 que el proyecto determina que para aplicar el r\u00e9gimen el Gobierno deber\u00e1 tener un criterio de inclusi\u00f3n en el beneficio, pero aclar\u00f3 que para acceder a la tarifa social se tendr\u00e1n en cuenta las siguientes variables: \u201cSer jubilado, pensionado o trabajador en relaci\u00f3n de dependencia, que perciba una remuneraci\u00f3n bruta menor o igual a dos veces el valor de la canasta b\u00e1sica total hogar tipo 1 Indec;\u00a0 ser trabajador monotributista inscripto en una categor\u00eda cuyo ingreso anual mensualizado no supere en dos veces el valor de la canasta b\u00e1sica Indec; ser titular de programas sociales y habitacionales provinciales, y otros; estar inscripto en el R\u00e9gimen de Monotributo Social; estar incorporado en el r\u00e9gimen especial de seguridad social para empleados del servicio dom\u00e9stico; estar percibiendo el seguro de desempleo o aun expirado este no se registrase con alta laboral; ser titular de pensi\u00f3n vitalicia a veteranos de guerra del Atl\u00e1ntico Sur; contar con\u00a0\u00a0 el certificado de discapacidad expedido por autoridad competente; o ser beneficiarios de nuevas viviendas\u00a0 sociales o adjudicatarios as de vivienda \u00fanica regularizaci\u00f3n en el marco de emergencia dictada por la legislatura o reconocido su situaci\u00f3n de precariedad por el Poder Judicial\u201d.<\/p>\n","protected":false},"excerpt":{"rendered":"<p>La Asociaci\u00f3n de Trabajadores del Estado de Entre R\u00edos (ATE) present\u00f3 al Ejecutivo un proyecto de Ley por el que busca establecer como derechos fundamentales y humanos la energ\u00eda y los servicios p\u00fablicos. Fue este martes, en el marco del paro nacional &nbsp; &nbsp; &nbsp; \u201cAnte la dura situaci\u00f3n que atraviesan los trabajadores por el brutal ajuste que implica tarifazos y una fuerte inflaci\u00f3n, desde ATE Entre R\u00edos entregaron al gobierno provincial una iniciativa que busca un r\u00e9gimen de tarifa social para el servicio p\u00fablico de distribuci\u00f3n de electricidad y&#8230;<\/p>\n","protected":false},"author":3,"featured_media":41089,"comment_status":"closed","ping_status":"closed","sticky":false,"template":"","format":"standard","meta":[],"categories":[15],"tags":[],"_links":{"self":[{"href":"https:\/\/www.actualidadadiario.com\/index.php\/wp-json\/wp\/v2\/posts\/41088"}],"collection":[{"href":"https:\/\/www.actualidadadiario.com\/index.php\/wp-json\/wp\/v2\/posts"}],"about":[{"href":"https:\/\/www.actualidadadiario.com\/index.php\/wp-json\/wp\/v2\/types\/post"}],"author":[{"embeddable":true,"href":"https:\/\/www.actualidadadiario.com\/index.php\/wp-json\/wp\/v2\/users\/3"}],"replies":[{"embeddable":true,"href":"https:\/\/www.actualidadadiario.com\/index.php\/wp-json\/wp\/v2\/comments?post=41088"}],"version-history":[{"count":1,"href":"https:\/\/www.actualidadadiario.com\/index.php\/wp-json\/wp\/v2\/posts\/41088\/revisions"}],"predecessor-version":[{"id":41090,"href":"https:\/\/www.actualidadadiario.com\/index.php\/wp-json\/wp\/v2\/posts\/41088\/revisions\/41090"}],"wp:featuredmedia":[{"embeddable":true,"href":"https:\/\/www.actualidadadiario.com\/index.php\/wp-json\/wp\/v2\/media\/41089"}],"wp:attachment":[{"href":"https:\/\/www.actualidadadiario.com\/index.php\/wp-json\/wp\/v2\/media?parent=41088"}],"wp:term":[{"taxonomy":"category","embeddable":true,"href":"https:\/\/www.actualidadadiario.com\/index.php\/wp-json\/wp\/v2\/categories?post=41088"},{"taxonomy":"post_tag","embeddable":true,"href":"https:\/\/www.actualidadadiario.com\/index.php\/wp-json\/wp\/v2\/tags?post=41088"}],"curies":[{"name":"wp","href":"https:\/\/api.w.org\/{rel}","templated":true}]}}