{"id":41085,"date":"2019-02-28T12:20:33","date_gmt":"2019-02-28T15:20:33","guid":{"rendered":"https:\/\/www.actualidadadiario.com\/?p=41085"},"modified":"2019-05-06T20:55:14","modified_gmt":"2019-05-06T23:55:14","slug":"el-gobernador-confirmo-una-suba-salarial-en-marzo-para-docentes-y-estatales","status":"publish","type":"post","link":"https:\/\/www.actualidadadiario.com\/index.php\/2019\/02\/28\/el-gobernador-confirmo-una-suba-salarial-en-marzo-para-docentes-y-estatales\/","title":{"rendered":"El Gobernador confirm\u00f3 una suba salarial en marzo para docentes y estatales"},"content":{"rendered":"<p><em><strong>\u201cM\u00e1s all\u00e1 de la demora en ponernos de acuerdo, nosotros vamos a dar un aumento en marzo\u201d, respondi\u00f3 Gustavo Bordet al ser consultado sobre el desarrollo de la negociaci\u00f3n salarial con los cuatro gremios docentes. Asegur\u00f3 que ese incremento alcanzar\u00e1 a los trabajadores estatales<\/strong><\/em><\/p>\n<p>&nbsp;<\/p>\n<p>&nbsp;<\/p>\n<p>&nbsp;<\/p>\n<p>El gobernador Gustavo Bordet se refiri\u00f3 este mi\u00e9rcoles a la negociaci\u00f3n salarial con los gremios docentes Agmer, AMET, Sadop y UDA.\u00a0 \u201cEstamos en una etapa de\u00a0 negociaci\u00f3n y hemos mejorado sensiblemente la oferta\u201d, coment\u00f3 el mandatario. Se\u00f1al\u00f3 que la docencia entrerriana evaluar\u00e1 esa oferta y luego seguir\u00e1n las conversaciones.<\/p>\n<p>\u201cTenemos la intenci\u00f3n de que, mientras negociemos, los chicos est\u00e9n en las escuelas\u201d, expres\u00f3 adem\u00e1s.<\/p>\n<p>\u201cEntendemos que nuestros docentes tienen que tener un mejoramiento en sus haberes salariales y as\u00ed lo vamos a hacer, no tengo ninguna duda\u201d, remarc\u00f3 Bordet.<\/p>\n<p>\u201cM\u00e1s all\u00e1 de la demora en ponernos de acuerdo, nosotros este aumento en marzo lo vamos a dar, porque reconocemos que hay un deterioro en el salario y respetamos mucho el trabajo de nuestros docentes\u201d, asever\u00f3. En ese sentido sostuvo: \u201cVamos a estar a la altura de las circunstancias mientras negociamos con las organizaciones gremiales, con quienes hemos mantenido una relaci\u00f3n de respeto, a veces de mayor o menor tensi\u00f3n en las negociaciones, pero siempre poni\u00e9ndonos de acuerdo\u201d.<\/p>\n<p>&nbsp;<\/p>\n<p><strong>Tambi\u00e9n a estatales<\/strong><\/p>\n<p>Tras asegurar que ese aumento tambi\u00e9n alcanzar\u00e1 a los trabajadores estatales, el Gobernador a\u00f1adi\u00f3: \u201cHa sido una constante en nuestro gobierno dar aumentos porcentuales que impactan tambi\u00e9n sobre el sector pasivo. Nunca hemos dado aumentos en sumas fijas o que no contengan aspectos remunerativos y que sean en negro o en gris. Todos los aumentos son en blanco y remunerativos, tanto para el sector docente como para el sector estatal\u201d.<\/p>\n<p>\u201cEsto forma parte tambi\u00e9n del ordenamiento de nuestras cuentas y del ordenamiento administrativo. Nos cost\u00f3 mucho lograrlo y ahora tenemos que consolidarlo\u201d, indic\u00f3 al respecto.<\/p>\n","protected":false},"excerpt":{"rendered":"<p>\u201cM\u00e1s all\u00e1 de la demora en ponernos de acuerdo, nosotros vamos a dar un aumento en marzo\u201d, respondi\u00f3 Gustavo Bordet al ser consultado sobre el desarrollo de la negociaci\u00f3n salarial con los cuatro gremios docentes. Asegur\u00f3 que ese incremento alcanzar\u00e1 a los trabajadores estatales &nbsp; &nbsp; &nbsp; El gobernador Gustavo Bordet se refiri\u00f3 este mi\u00e9rcoles a la negociaci\u00f3n salarial con los gremios docentes Agmer, AMET, Sadop y UDA.\u00a0 \u201cEstamos en una etapa de\u00a0 negociaci\u00f3n y hemos mejorado sensiblemente la oferta\u201d, coment\u00f3 el mandatario. Se\u00f1al\u00f3 que la docencia entrerriana evaluar\u00e1 esa&#8230;<\/p>\n","protected":false},"author":3,"featured_media":41086,"comment_status":"closed","ping_status":"closed","sticky":false,"template":"","format":"standard","meta":[],"categories":[15],"tags":[],"_links":{"self":[{"href":"https:\/\/www.actualidadadiario.com\/index.php\/wp-json\/wp\/v2\/posts\/41085"}],"collection":[{"href":"https:\/\/www.actualidadadiario.com\/index.php\/wp-json\/wp\/v2\/posts"}],"about":[{"href":"https:\/\/www.actualidadadiario.com\/index.php\/wp-json\/wp\/v2\/types\/post"}],"author":[{"embeddable":true,"href":"https:\/\/www.actualidadadiario.com\/index.php\/wp-json\/wp\/v2\/users\/3"}],"replies":[{"embeddable":true,"href":"https:\/\/www.actualidadadiario.com\/index.php\/wp-json\/wp\/v2\/comments?post=41085"}],"version-history":[{"count":1,"href":"https:\/\/www.actualidadadiario.com\/index.php\/wp-json\/wp\/v2\/posts\/41085\/revisions"}],"predecessor-version":[{"id":41087,"href":"https:\/\/www.actualidadadiario.com\/index.php\/wp-json\/wp\/v2\/posts\/41085\/revisions\/41087"}],"wp:featuredmedia":[{"embeddable":true,"href":"https:\/\/www.actualidadadiario.com\/index.php\/wp-json\/wp\/v2\/media\/41086"}],"wp:attachment":[{"href":"https:\/\/www.actualidadadiario.com\/index.php\/wp-json\/wp\/v2\/media?parent=41085"}],"wp:term":[{"taxonomy":"category","embeddable":true,"href":"https:\/\/www.actualidadadiario.com\/index.php\/wp-json\/wp\/v2\/categories?post=41085"},{"taxonomy":"post_tag","embeddable":true,"href":"https:\/\/www.actualidadadiario.com\/index.php\/wp-json\/wp\/v2\/tags?post=41085"}],"curies":[{"name":"wp","href":"https:\/\/api.w.org\/{rel}","templated":true}]}}