{"id":41082,"date":"2019-02-28T12:19:32","date_gmt":"2019-02-28T15:19:32","guid":{"rendered":"https:\/\/www.actualidadadiario.com\/?p=41082"},"modified":"2019-05-06T20:55:01","modified_gmt":"2019-05-06T23:55:01","slug":"el-gobierno-provincial-se-hara-responsable-de-finalizar-los-jardines-que-habia-paralizado-nacion","status":"publish","type":"post","link":"https:\/\/www.actualidadadiario.com\/index.php\/2019\/02\/28\/el-gobierno-provincial-se-hara-responsable-de-finalizar-los-jardines-que-habia-paralizado-nacion\/","title":{"rendered":"El gobierno provincial se har\u00e1 responsable de finalizar los jardines que hab\u00eda paralizado Naci\u00f3n"},"content":{"rendered":"<p><em><strong>Se trata de 14 nuevas unidades de nivel inicial cuya construcci\u00f3n se encontraba paralizada en el marco del programa nacional 3.000 jardines<\/strong><\/em><\/p>\n<p>&nbsp;<\/p>\n<p>&nbsp;<\/p>\n<p>&nbsp;<\/p>\n<p>Tras gestiones ante autoridades nacionales las obras y los fondos para su finalizaci\u00f3n ser\u00e1n transferidos al gobierno provincial, quien a trav\u00e9s de la Unidad Ejecutora Provincial finalizar\u00e1 las obras.<\/p>\n<p>Los jardines son para San Jos\u00e9 de Feliciano, Colonia Avellaneda, General Campos, Chajar\u00ed, Federal, Maci\u00e1, Piedras Blancas, Villa Adela en Concordia, Villaguay, San Benito, Ceibas, Gualeguay y San Jos\u00e9.<\/p>\n<p>El secretario de Planeamiento y titular de la Unidad Ejecutora Provincial, Marcelo Richard y la presidenta del Consejo General de Educaci\u00f3n (CGE), Marta Iraz\u00e1bal de Land\u00f3 firmaron el acuerdo en el Ministerio de Educaci\u00f3n, Cultura, Ciencia, Tecnolog\u00eda de la Naci\u00f3n, que tambi\u00e9n fue rubricado por el ministro Alejandro Finocchiaro.<\/p>\n<p>\u201cHemos firmado el convenio con el ministerio de Educaci\u00f3n de la Naci\u00f3n, a fin de que se puedan transferir las obra hoy paralizadas; a partir de all\u00ed el gobierno de Entre R\u00edos, a trav\u00e9s de la UEP proceder\u00e1 al llamado a licitaci\u00f3n, adjudicaci\u00f3n, control y medici\u00f3n de las obras, siendo los fondos aportados por Naci\u00f3n\u201d, explic\u00f3 Marcelo Richard, secretario de Planeamiento y titular de la Unidad Ejecutora Provincial.<\/p>\n<p>\u201cLa finalizaci\u00f3n de estas obras hab\u00eda sido una de las preocupaciones que le manifestamos oportunamente al gobierno nacional, quien hab\u00eda impulsado el programa como as\u00ed tambi\u00e9n el mecanismo de contrataci\u00f3n y pago de los trabajos que fueran neutralizados a mitad del a\u00f1o pasado\u201d, detall\u00f3 Richard, a la vez que agreg\u00f3: \u201cEn este contexto venimos trabajando solicitando la transferencia de las obras para poder dar una respuesta a las ciudades, vecinos y comunidades educativas que ten\u00edan expectativas de contar con estas nuevas instalaciones y que hace varios meses vieron la obras paradas\u201d.<\/p>\n<p>Agreg\u00f3 que \u201cel gobernador Gustavo Bordet ha sido muy claro en cumplir la palabra empe\u00f1ada con los entrerrianos y hemos puesto todo los esfuerzos en avanzar y destrabar las obras que han presentado alg\u00fan conflicto; estas, al igual que el Hospital del Bicentenario de Gualeguaych\u00fa, son una muestra de este estilo trabajo\u201d, enfatiz\u00f3.<\/p>\n<p>Por su parte, la presidente del Consejo General de Educaci\u00f3n (CGE), Marta Iraz\u00e1bal de Land\u00f3, indic\u00f3 que dicha firma es muy importante para la educaci\u00f3n entrerriana, porque \u201cpermitir\u00e1 darle continuidad a las obras que estaban paralizadas de la construcci\u00f3n de 14 jardines, garantizando de este modo el acceso a la educaci\u00f3n de los ni\u00f1os en espacios m\u00e1s amplios y c\u00f3modos para un mejor proceso de ense\u00f1anza\u201d.<\/p>\n<p>En ese sentido, Land\u00f3 valor\u00f3 el compromiso del gobernador con el sistema educativo entrerriano y por ello todo el esfuerzo que se realiza a trav\u00e9s de infraestructura escolar y capacitaciones para brindar una mejor calidad educativa, en este caso asumimos el compromiso de hacer las gestiones necesarias para darle continuidad a estas obras y que sean finalizadas\u201d.<\/p>\n<p>&nbsp;<\/p>\n<p><strong>El acuerdo<\/strong><\/p>\n<p>Dentro del acuerdo rubricado se incluyeron la finalizaci\u00f3n de las obras de jardines en San Jos\u00e9 de Feliciano, Colonia Avellaneda, General Campos, Chajar\u00ed, Federal, Maci\u00e1, Piedras Blancas, Villa Adela en Concordia, Villaguay, San Benito, Ceibas, Gualeguay y San Jos\u00e9.<\/p>\n<p>Tras evaluaciones realizadas desde la Unidad Ejecutora junto con t\u00e9cnicos del Ministerio de Educaci\u00f3n de la Naci\u00f3n, se determin\u00f3 que la inversi\u00f3n a realizar se ubica en el orden de los 154 millones de pesos.<\/p>\n<p>Cabe destacar que se contar\u00e1 con un anticipo financiero del 30 por ciento de cada obra a fin de poder iniciar los trabajos, una vez licitados, de manera \u00e1gil que permita avanzar r\u00e1pidamente con la finalizaci\u00f3n de las obras.<\/p>\n","protected":false},"excerpt":{"rendered":"<p>Se trata de 14 nuevas unidades de nivel inicial cuya construcci\u00f3n se encontraba paralizada en el marco del programa nacional 3.000 jardines &nbsp; &nbsp; &nbsp; Tras gestiones ante autoridades nacionales las obras y los fondos para su finalizaci\u00f3n ser\u00e1n transferidos al gobierno provincial, quien a trav\u00e9s de la Unidad Ejecutora Provincial finalizar\u00e1 las obras. Los jardines son para San Jos\u00e9 de Feliciano, Colonia Avellaneda, General Campos, Chajar\u00ed, Federal, Maci\u00e1, Piedras Blancas, Villa Adela en Concordia, Villaguay, San Benito, Ceibas, Gualeguay y San Jos\u00e9. El secretario de Planeamiento y titular de&#8230;<\/p>\n","protected":false},"author":3,"featured_media":41083,"comment_status":"closed","ping_status":"closed","sticky":false,"template":"","format":"standard","meta":[],"categories":[15],"tags":[],"_links":{"self":[{"href":"https:\/\/www.actualidadadiario.com\/index.php\/wp-json\/wp\/v2\/posts\/41082"}],"collection":[{"href":"https:\/\/www.actualidadadiario.com\/index.php\/wp-json\/wp\/v2\/posts"}],"about":[{"href":"https:\/\/www.actualidadadiario.com\/index.php\/wp-json\/wp\/v2\/types\/post"}],"author":[{"embeddable":true,"href":"https:\/\/www.actualidadadiario.com\/index.php\/wp-json\/wp\/v2\/users\/3"}],"replies":[{"embeddable":true,"href":"https:\/\/www.actualidadadiario.com\/index.php\/wp-json\/wp\/v2\/comments?post=41082"}],"version-history":[{"count":1,"href":"https:\/\/www.actualidadadiario.com\/index.php\/wp-json\/wp\/v2\/posts\/41082\/revisions"}],"predecessor-version":[{"id":41084,"href":"https:\/\/www.actualidadadiario.com\/index.php\/wp-json\/wp\/v2\/posts\/41082\/revisions\/41084"}],"wp:featuredmedia":[{"embeddable":true,"href":"https:\/\/www.actualidadadiario.com\/index.php\/wp-json\/wp\/v2\/media\/41083"}],"wp:attachment":[{"href":"https:\/\/www.actualidadadiario.com\/index.php\/wp-json\/wp\/v2\/media?parent=41082"}],"wp:term":[{"taxonomy":"category","embeddable":true,"href":"https:\/\/www.actualidadadiario.com\/index.php\/wp-json\/wp\/v2\/categories?post=41082"},{"taxonomy":"post_tag","embeddable":true,"href":"https:\/\/www.actualidadadiario.com\/index.php\/wp-json\/wp\/v2\/tags?post=41082"}],"curies":[{"name":"wp","href":"https:\/\/api.w.org\/{rel}","templated":true}]}}