{"id":41079,"date":"2019-02-28T12:18:33","date_gmt":"2019-02-28T15:18:33","guid":{"rendered":"https:\/\/www.actualidadadiario.com\/?p=41079"},"modified":"2019-05-06T20:56:34","modified_gmt":"2019-05-06T23:56:34","slug":"bordet-aseguro-que-las-empresas-pueden-competir-con-lealtad-en-la-provincia","status":"publish","type":"post","link":"https:\/\/www.actualidadadiario.com\/index.php\/2019\/02\/28\/bordet-aseguro-que-las-empresas-pueden-competir-con-lealtad-en-la-provincia\/","title":{"rendered":"Bordet asegur\u00f3 que las empresas pueden competir con lealtad en la provincia"},"content":{"rendered":"<p><em><strong>El gobernador Gustavo Bordet, junto al vicegobernador Ad\u00e1n Bahl, firm\u00f3 contratos para obras de infraestructura educativa, vial y gas\u00edfera en diversas localidades en las que se invertir\u00e1n m\u00e1s de 100 millones de pesos con fondos provinciales<\/strong><\/em><\/p>\n<p>&nbsp;<\/p>\n<p>&nbsp;<\/p>\n<p>&nbsp;<\/p>\n<p>El mandatario resalt\u00f3 que a las cuatro obras distribuidas en distintos lugares la llevar\u00e1n adelante distintas empresas. &#8220;Esto habla a las claras de que la cartelizaci\u00f3n de la obra p\u00fablica en la provincia de Entre R\u00edos no existe, sino que se genera un sistema de licitaciones y contrataciones totalmente transparente que posibilita que las empresas puedan competir con total lealtad en cuanto a sus ofertas&#8221;, precis\u00f3.<\/p>\n<p>Mencion\u00f3 adem\u00e1s que acciones pol\u00edticas de gobierno como \u00e9stas \u201cnos alientan a seguir trabajando en forma articulada, ordenados y con un presupuesto que respetamos y podemos cumplir. No s\u00f3lo con las obras p\u00fablicas, si no tambi\u00e9n pagando los salarios de empleados y jubilados en cuatro d\u00edas, y pudiendo generar contenci\u00f3n social y, tambi\u00e9n como ahora, que se han recortado las subsidios a las orquestas infantiles, la provincia se har\u00e1 cargo porque nuestros chicos tienen que tener derecho a la cultura&#8221;, acot\u00f3.<\/p>\n<p>El gobernador firm\u00f3 este mi\u00e9rcoles los contratos de la primera etapa de la ampliaci\u00f3n de red de Distribuci\u00f3n de Gas Natural en Cerrito; la reconstrucci\u00f3n de la ex ruta provincial N\u00ba 26, tramo ruta nacional 14 &#8211; Puente sobre arroyo El Doctor, en San Jos\u00e9; la construcci\u00f3n de calzada sumergible sobre arroyo Espinillo, en ruta provincial sin n\u00famero &#8211; acceso a Colonia Merou desde ruta nacional 12, distrito Espinillo; y el de las reparaciones y cubierta de techos de la escuela N\u00ba 203 &#8220;Guaran\u00ed&#8221;, en Crespo.<\/p>\n<p>Agradeci\u00f3 a los presentes, a los intendentes y a los legisladores &#8220;que tienen mucho que ver en la concreci\u00f3n de estas obras. De alg\u00fan modo, representan anhelos y necesidades planteadas&#8221;.<\/p>\n<p>Sostuvo que &#8220;se firmaron contratos para obras que comenzar\u00e1n en diversos lugares de la provincia de Entre R\u00edos. Algunas largamente esperadas como el acceso a la ciudad de San Jos\u00e9 -lo que era la ex ruta 26 desde la ruta 14 a lo que era el antiguo frigor\u00edfico Vizental-. Es una obra important\u00edsima y muy demandada, que requiere 83 millones de nuestro presupuesto, pero es muy necesaria para los vecinos&#8221;, precis\u00f3.<\/p>\n<p>Tambi\u00e9n se refiri\u00f3 a &#8220;obras m\u00e1s sencillas como las calzadas sobre el arroyo que est\u00e1 entre Eigenfeld y Pueblo Merou, a las que nos comprometimos porque cuando llov\u00eda se cortaba el paso. Todas las obras son importantes porque generan mejor calidad de vida de los vecinos&#8221;, remarc\u00f3.<\/p>\n<p>Mencion\u00f3 el gas natural para Cerrito y la reparaci\u00f3n de una escuela en la ciudad de Crespo. \u201cSon obras que se demandan en el territorio, pero muchas de ellas tienen que ver con la gesti\u00f3n realizada en el lugar. Una cosa es cuando a alguien le cuentan una necesidad, como una calzada en un lugar alejado que conecta dos localidades, y otra cuando uno va, lo ve y se da cuenta lo que los vecinos realmente necesitan de esa obra&#8221;, precis\u00f3.<\/p>\n<p>&#8220;Nosotros tenemos que estar a la altura de las circunstancias. Disponer de los dineros p\u00fablicos. Puede llevar m\u00e1s o menos tiempo hasta que se consigue el financiamiento y se pone en marcha el proceso licitatorio, pero m\u00e1s temprano que tarde, llegamos con la soluci\u00f3n&#8221;, insisti\u00f3 el gobernador.<\/p>\n<p>M\u00e1s adelante, el gobernador hizo referencia al &#8220;compromiso de seguir trabajando de esta manera articulada para concretar acciones que benefician a nuestros vecinos. Quiero agradecerle tambi\u00e9n a todo el equipo de ministros, secretarios y funcionarios que trabajaron arduamente. No es fruto del azar, sino fruto de un trabajo en equipo y de reuniones permanentes para monitorear el avance de los procesos administrativos. Es fruto tambi\u00e9n de tener un presupuesto ordenado que permite ejecutarlo y, en esto, vuelvo a agradecerles a los legisladores la confianza de apoyar los presupuestos enviados durante este tiempo a la C\u00e1mara. Es la forma de trabajar: entre todos para logar una provincia mejor&#8221;, concluy\u00f3.<\/p>\n<p>Estuvieron presentes los ministros de Gobierno, Rosario Romero; de Econom\u00eda, Hugo Ballay; la intendenta de San Jos\u00e9, Irma Monjo; la presidente de la Junta de Gobierno Aldea Eigenfeld, Mar\u00eda Isabel Ortiz; la presidenta del Consejo General de Educaci\u00f3n, Marta Land\u00f3; directora de Vialidad Provincial, Alicia Ben\u00edtez; el secretario de Planeamiento, Infraestructura y Servicios, Marcelo Richard; el secretario de Energ\u00eda, Jorge Gonz\u00e1lez; el escribano Mayor de Gobierno, Alejandro Santana; el director de Juntas de Gobierno, Mauro D\u00edaz Ch\u00e1vez; los legisladores Gustavo Zavallo, Diego Lara, Raymundo Kisser y Pablo Canali; y representantes de empresas<\/p>\n<p>&nbsp;<\/p>\n<p><strong>Las obras<\/strong><\/p>\n<p>La obra en la ex ruta provincial N\u00ba 26 contemplan la fisura, estabilizado granular y calzada pavimentada. La Ex Ruta Provincial N\u00ba26, en el departamento Col\u00f3n, se extiende desde el empalme (distribuidor), con la Autov\u00eda Ruta Nacional N\u00ba14, hasta la ciudad de Col\u00f3n. El tramo a intervenir de la misma, consta de una longitud aproximada de 3.570 metros, comprendido entre el fin de la rama del distribuidor antes dicho y el Puente sobre Arroyo El Doctor. El contrato firmado es por 83.294.920 pesos.<\/p>\n<p>Este tramo es de vital importancia para la zona porque circulaban alrededor de 14.000 veh\u00edculos diarios y su urbanizaci\u00f3n crece constantemente, lo que va a permitir una mejor comunicaci\u00f3n entre las distintas localidades con otros centros urbanos. Adem\u00e1s, las tareas brindar\u00e1n una mayor seguridad vial y tambi\u00e9n colaborar\u00e1 en la parte tur\u00edstica y productiva.<\/p>\n<p>En tanto, se destinar\u00e1n 2.729.489 pesos para la construcci\u00f3n de calzada sumergible sobre arroyo Espinillo, en ruta provincial sin n\u00famero; acceso a Colonia Merou desde ruta nacional N\u00ba 12, distrito Espinillo.<\/p>\n<p>&nbsp;<\/p>\n<p>En cuanto a la reparaci\u00f3n de la escuela primaria N\u00ba 203 Guaran\u00ed, de Crespo, los trabajos incluyen la refacci\u00f3n y reacondicionamiento de la cubierta de techo y el sistema el\u00e9ctrico. La obra tiene un presupuesto de 4.169.403 pesos, un plazo de ejecuci\u00f3n de 120 d\u00edas corridos, y se inscribe en el plan de infraestructura escolar que impulsa el gobierno.<\/p>\n<p>Se reemplazar\u00e1n las tejas por un sistema de chapas y la impermeabilizaci\u00f3n correspondiente para evitar nuevos inconvenientes. Adem\u00e1s, se reforzar\u00e1 y restituir\u00e1n los elementos estructurales del cielo raso que se encuentren en mal estado, reponi\u00e9ndose el entalonado en aquellos sectores que lo precisen. Por \u00faltimo, se intervendr\u00e1 la instalaci\u00f3n el\u00e9ctrica de todo el establecimiento, reacondicionando el sistema a fin de garantizar su funcionamiento de acuerdo a las normas vigentes de seguridad.<\/p>\n<p>La instituci\u00f3n realiza actividades en doble jornada, ya que a partir de 2014 se instal\u00f3 como escuela Nina, estableci\u00e9ndose una educaci\u00f3n que incorpora a las tareas tradicionales talleres de formaci\u00f3n donde se dictan ingl\u00e9s, iniciaci\u00f3n al deporte, danzas folcl\u00f3ricas, percusi\u00f3n y otros. Las instalaciones tienen alrededor de 26 a\u00f1os de antig\u00fcedad y requieren estas intervenciones porque el sistema el\u00e9ctrico no est\u00e1 preparado para la demanda que se tiene. Son m\u00e1s de 300 alumnos los que asisten a esta escuela.<\/p>\n<p>En tanto, la ampliaci\u00f3n de la red de distribuci\u00f3n de gas natural en Cerrito demandar\u00e1 una inversi\u00f3n de 10.589.927 pesos, y por lo cual se sumar\u00e1 5310 metros de ca\u00f1er\u00eda en diferentes di\u00e1metros, incluyendo las correspondientes pruebas y reparaciones de veredas. Ser\u00e1n 350 las familias beneficiadas y el plazo de ejecuci\u00f3n es de 90 d\u00edas corridos. De esta manera, se cubre entre el 90 y el 95 por ciento de la localidad con el servicio.<\/p>\n","protected":false},"excerpt":{"rendered":"<p>El gobernador Gustavo Bordet, junto al vicegobernador Ad\u00e1n Bahl, firm\u00f3 contratos para obras de infraestructura educativa, vial y gas\u00edfera en diversas localidades en las que se invertir\u00e1n m\u00e1s de 100 millones de pesos con fondos provinciales &nbsp; &nbsp; &nbsp; El mandatario resalt\u00f3 que a las cuatro obras distribuidas en distintos lugares la llevar\u00e1n adelante distintas empresas. &#8220;Esto habla a las claras de que la cartelizaci\u00f3n de la obra p\u00fablica en la provincia de Entre R\u00edos no existe, sino que se genera un sistema de licitaciones y contrataciones totalmente transparente que&#8230;<\/p>\n","protected":false},"author":3,"featured_media":41080,"comment_status":"closed","ping_status":"closed","sticky":false,"template":"","format":"standard","meta":[],"categories":[15],"tags":[],"_links":{"self":[{"href":"https:\/\/www.actualidadadiario.com\/index.php\/wp-json\/wp\/v2\/posts\/41079"}],"collection":[{"href":"https:\/\/www.actualidadadiario.com\/index.php\/wp-json\/wp\/v2\/posts"}],"about":[{"href":"https:\/\/www.actualidadadiario.com\/index.php\/wp-json\/wp\/v2\/types\/post"}],"author":[{"embeddable":true,"href":"https:\/\/www.actualidadadiario.com\/index.php\/wp-json\/wp\/v2\/users\/3"}],"replies":[{"embeddable":true,"href":"https:\/\/www.actualidadadiario.com\/index.php\/wp-json\/wp\/v2\/comments?post=41079"}],"version-history":[{"count":1,"href":"https:\/\/www.actualidadadiario.com\/index.php\/wp-json\/wp\/v2\/posts\/41079\/revisions"}],"predecessor-version":[{"id":41081,"href":"https:\/\/www.actualidadadiario.com\/index.php\/wp-json\/wp\/v2\/posts\/41079\/revisions\/41081"}],"wp:featuredmedia":[{"embeddable":true,"href":"https:\/\/www.actualidadadiario.com\/index.php\/wp-json\/wp\/v2\/media\/41080"}],"wp:attachment":[{"href":"https:\/\/www.actualidadadiario.com\/index.php\/wp-json\/wp\/v2\/media?parent=41079"}],"wp:term":[{"taxonomy":"category","embeddable":true,"href":"https:\/\/www.actualidadadiario.com\/index.php\/wp-json\/wp\/v2\/categories?post=41079"},{"taxonomy":"post_tag","embeddable":true,"href":"https:\/\/www.actualidadadiario.com\/index.php\/wp-json\/wp\/v2\/tags?post=41079"}],"curies":[{"name":"wp","href":"https:\/\/api.w.org\/{rel}","templated":true}]}}