{"id":41076,"date":"2019-02-28T12:16:37","date_gmt":"2019-02-28T15:16:37","guid":{"rendered":"https:\/\/www.actualidadadiario.com\/?p=41076"},"modified":"2019-05-06T20:53:31","modified_gmt":"2019-05-06T23:53:31","slug":"iosper-y-la-federacion-medica-de-entre-rios-trabajan-en-garantizar-el-sistema-de-salud","status":"publish","type":"post","link":"https:\/\/www.actualidadadiario.com\/index.php\/2019\/02\/28\/iosper-y-la-federacion-medica-de-entre-rios-trabajan-en-garantizar-el-sistema-de-salud\/","title":{"rendered":"Iosper y la Federaci\u00f3n M\u00e9dica de Entre R\u00edos trabajan en garantizar el sistema de salud"},"content":{"rendered":"<p><em><strong>El an\u00e1lisis de estrategias que garanticen el sistema de salud entrerriano y el estudio de reclamos de la entidad que nuclea a los m\u00e9dicos fueron los temas tratados por el presidente del Directorio Obrero del Instituto Obra Social de Entre R\u00edos (Iosper), Fernando Ca\u00f1ete, y autoridades de la Femer<\/strong><\/em><\/p>\n<p>&nbsp;<\/p>\n<p>&nbsp;<\/p>\n<p>&nbsp;<\/p>\n<p>El encuentro fue este mi\u00e9rcoles y se dialog\u00f3 sobre el sistema de salud de la provincia y de la reuni\u00f3n que tuvieron las autoridades del Iosper con la ministra de Salud, Sonia Vel\u00e1squez. &#8220;Preocupa la situaci\u00f3n que atraviesa el sector y trabajamos para sostener el sistema\u201d, se\u00f1al\u00f3 Ca\u00f1ete.<\/p>\n<p>En ese marco, explic\u00f3 que para sostener el sistema de salud p\u00fablico entrerriano \u201cse deber\u00e1 emprender un gran acuerdo entre todos los sectores involucrados (entidades cient\u00edficas, intermedias, sanatorios y obras sociales) para garantizar las pol\u00edticas de salud\u201d.<\/p>\n<p>En ese sentido, Ca\u00f1ete explic\u00f3 que la situaci\u00f3n actual responde \u201ca que de alguna u otra manera, estamos siendo abandonados por el gobierno nacional, con el tema de los medicamentos de alto costo\u201d. \u201cSiempre decimos que la salud no tiene precio, pero el costo es financiero y es finito, por lo que hablamos con el ministerio de Salud provincial para instrumentar la emergencia prestacional, por lo que trabajamos en ese rumbo\u201d, dijo el presidente del directorio obrero.<\/p>\n<p>&nbsp;<\/p>\n<p><strong>Prestadores y actualizaciones<\/strong><\/p>\n<p>Por otro lado, Ca\u00f1ete indic\u00f3 que tambi\u00e9n la Femer \u201crealiz\u00f3 el reclamo de prestadores que deben ser incorporados al padr\u00f3n, que se hab\u00eda demorado\u201d, pero aclar\u00f3 que Iosper resolvi\u00f3 ese inconveniente y \u201ca mitad de marzo se incorporar\u00e1n a los prestadores que solicit\u00f3 la entidad m\u00e9dica\u201d, precis\u00f3.<\/p>\n<p>&nbsp;<\/p>\n<p><strong>Incrementos a prestadores<\/strong><\/p>\n<p>Tambi\u00e9n, adelant\u00f3 que se dialog\u00f3 de los incrementos otorgados por Iosper a sus prestadores en enero y febrero, y se\u00f1al\u00f3 que &#8220;seguimos analizando la pol\u00edtica en conjunto\u201d.<\/p>\n","protected":false},"excerpt":{"rendered":"<p>El an\u00e1lisis de estrategias que garanticen el sistema de salud entrerriano y el estudio de reclamos de la entidad que nuclea a los m\u00e9dicos fueron los temas tratados por el presidente del Directorio Obrero del Instituto Obra Social de Entre R\u00edos (Iosper), Fernando Ca\u00f1ete, y autoridades de la Femer &nbsp; &nbsp; &nbsp; El encuentro fue este mi\u00e9rcoles y se dialog\u00f3 sobre el sistema de salud de la provincia y de la reuni\u00f3n que tuvieron las autoridades del Iosper con la ministra de Salud, Sonia Vel\u00e1squez. &#8220;Preocupa la situaci\u00f3n que atraviesa&#8230;<\/p>\n","protected":false},"author":3,"featured_media":41077,"comment_status":"closed","ping_status":"closed","sticky":false,"template":"","format":"standard","meta":[],"categories":[15],"tags":[],"_links":{"self":[{"href":"https:\/\/www.actualidadadiario.com\/index.php\/wp-json\/wp\/v2\/posts\/41076"}],"collection":[{"href":"https:\/\/www.actualidadadiario.com\/index.php\/wp-json\/wp\/v2\/posts"}],"about":[{"href":"https:\/\/www.actualidadadiario.com\/index.php\/wp-json\/wp\/v2\/types\/post"}],"author":[{"embeddable":true,"href":"https:\/\/www.actualidadadiario.com\/index.php\/wp-json\/wp\/v2\/users\/3"}],"replies":[{"embeddable":true,"href":"https:\/\/www.actualidadadiario.com\/index.php\/wp-json\/wp\/v2\/comments?post=41076"}],"version-history":[{"count":1,"href":"https:\/\/www.actualidadadiario.com\/index.php\/wp-json\/wp\/v2\/posts\/41076\/revisions"}],"predecessor-version":[{"id":41078,"href":"https:\/\/www.actualidadadiario.com\/index.php\/wp-json\/wp\/v2\/posts\/41076\/revisions\/41078"}],"wp:featuredmedia":[{"embeddable":true,"href":"https:\/\/www.actualidadadiario.com\/index.php\/wp-json\/wp\/v2\/media\/41077"}],"wp:attachment":[{"href":"https:\/\/www.actualidadadiario.com\/index.php\/wp-json\/wp\/v2\/media?parent=41076"}],"wp:term":[{"taxonomy":"category","embeddable":true,"href":"https:\/\/www.actualidadadiario.com\/index.php\/wp-json\/wp\/v2\/categories?post=41076"},{"taxonomy":"post_tag","embeddable":true,"href":"https:\/\/www.actualidadadiario.com\/index.php\/wp-json\/wp\/v2\/tags?post=41076"}],"curies":[{"name":"wp","href":"https:\/\/api.w.org\/{rel}","templated":true}]}}