{"id":41073,"date":"2019-02-28T12:15:59","date_gmt":"2019-02-28T15:15:59","guid":{"rendered":"https:\/\/www.actualidadadiario.com\/?p=41073"},"modified":"2019-05-06T20:57:23","modified_gmt":"2019-05-06T23:57:23","slug":"la-lista-la-n-2-pegara-con-todos-los-intendentes-que-participen-de-nuestro-espacio","status":"publish","type":"post","link":"https:\/\/www.actualidadadiario.com\/index.php\/2019\/02\/28\/la-lista-la-n-2-pegara-con-todos-los-intendentes-que-participen-de-nuestro-espacio\/","title":{"rendered":"\u201cLa lista la N\u00b0 2 pegar\u00e1 con todos los intendentes que participen de nuestro espacio\u201d"},"content":{"rendered":"<p><em><strong>Lo dijo el Gobernador en el marco de las definiciones sobre los modelos de boleta que estar\u00e1n en el cuarto oscuro en las PASO. \u201cLo importante es la propuesta\u201d, remarc\u00f3<\/strong><\/em><\/p>\n<p>&nbsp;<\/p>\n<p>&nbsp;<\/p>\n<p>&nbsp;<\/p>\n<p>\u201cTodo el mundo\u00a0 va a tener derecho a participar. Nuestra lista es la lista N\u00ba 2 y pegar\u00e1 con todos los intendentes que participen dentro de nuestro espacio pol\u00edtico. Est\u00e1 garantizada la participaci\u00f3n de todo aquel que quiera hacerlo\u201d, dijo Bordet y se refiri\u00f3 al caso paranaense donde hay siete expresiones dentro del PJ pero ninguna con la lista oficialista que lo propone al mandatario para un nuevo per\u00edodo.<\/p>\n<p>En Paran\u00e1 \u201cas\u00ed se decidi\u00f3 y as\u00ed se pusieron de acuerdo mientras que en otros lugares hay intendentes que van con la lista N\u00ba 2 y otros con distintas listas y participan\u201d, distingui\u00f3 el Gobernador y acentu\u00f3 en declaraciones a esta Agencia que \u201cm\u00e1s all\u00e1 del tema del pegado, lo importante es la propuesta que tiene nuestra fuerza pol\u00edtica representada en Creer Entre R\u00edos de cara a la sociedad entrerriana. No nos resignamos a que ac\u00e1 en Entre R\u00edos ocurra lo mismo que est\u00e1 sucediendo en la Naci\u00f3n\u201d.<\/p>\n","protected":false},"excerpt":{"rendered":"<p>Lo dijo el Gobernador en el marco de las definiciones sobre los modelos de boleta que estar\u00e1n en el cuarto oscuro en las PASO. \u201cLo importante es la propuesta\u201d, remarc\u00f3 &nbsp; &nbsp; &nbsp; \u201cTodo el mundo\u00a0 va a tener derecho a participar. Nuestra lista es la lista N\u00ba 2 y pegar\u00e1 con todos los intendentes que participen dentro de nuestro espacio pol\u00edtico. Est\u00e1 garantizada la participaci\u00f3n de todo aquel que quiera hacerlo\u201d, dijo Bordet y se refiri\u00f3 al caso paranaense donde hay siete expresiones dentro del PJ pero ninguna con&#8230;<\/p>\n","protected":false},"author":3,"featured_media":41074,"comment_status":"closed","ping_status":"closed","sticky":false,"template":"","format":"standard","meta":[],"categories":[9],"tags":[],"_links":{"self":[{"href":"https:\/\/www.actualidadadiario.com\/index.php\/wp-json\/wp\/v2\/posts\/41073"}],"collection":[{"href":"https:\/\/www.actualidadadiario.com\/index.php\/wp-json\/wp\/v2\/posts"}],"about":[{"href":"https:\/\/www.actualidadadiario.com\/index.php\/wp-json\/wp\/v2\/types\/post"}],"author":[{"embeddable":true,"href":"https:\/\/www.actualidadadiario.com\/index.php\/wp-json\/wp\/v2\/users\/3"}],"replies":[{"embeddable":true,"href":"https:\/\/www.actualidadadiario.com\/index.php\/wp-json\/wp\/v2\/comments?post=41073"}],"version-history":[{"count":1,"href":"https:\/\/www.actualidadadiario.com\/index.php\/wp-json\/wp\/v2\/posts\/41073\/revisions"}],"predecessor-version":[{"id":41075,"href":"https:\/\/www.actualidadadiario.com\/index.php\/wp-json\/wp\/v2\/posts\/41073\/revisions\/41075"}],"wp:featuredmedia":[{"embeddable":true,"href":"https:\/\/www.actualidadadiario.com\/index.php\/wp-json\/wp\/v2\/media\/41074"}],"wp:attachment":[{"href":"https:\/\/www.actualidadadiario.com\/index.php\/wp-json\/wp\/v2\/media?parent=41073"}],"wp:term":[{"taxonomy":"category","embeddable":true,"href":"https:\/\/www.actualidadadiario.com\/index.php\/wp-json\/wp\/v2\/categories?post=41073"},{"taxonomy":"post_tag","embeddable":true,"href":"https:\/\/www.actualidadadiario.com\/index.php\/wp-json\/wp\/v2\/tags?post=41073"}],"curies":[{"name":"wp","href":"https:\/\/api.w.org\/{rel}","templated":true}]}}