{"id":41062,"date":"2019-02-27T13:10:27","date_gmt":"2019-02-27T16:10:27","guid":{"rendered":"https:\/\/www.actualidadadiario.com\/?p=41062"},"modified":"2019-05-06T20:56:39","modified_gmt":"2019-05-06T23:56:39","slug":"bolsonaro-elogio-a-stroessner","status":"publish","type":"post","link":"https:\/\/www.actualidadadiario.com\/index.php\/2019\/02\/27\/bolsonaro-elogio-a-stroessner\/","title":{"rendered":"Bolsonaro elogi\u00f3 a Stroessner"},"content":{"rendered":"<p><em><strong>El presidente de Brasil homenaje\u00f3 ayer al ex dictador en la represa fundada por \u00e9ste en 1974. El mandatario paraguayo es hijo del secretario personal de Stroessner. La reuni\u00f3n bilateral dur\u00f3 poco m\u00e1s de media hora<\/strong><\/em><\/p>\n<p>&nbsp;<\/p>\n<p>&nbsp;<\/p>\n<p>&nbsp;<\/p>\n<p>El presidente de Brasil, Jair Bolsonaro, homenaje\u00f3 ayer al exdictador paraguayo Alfredo Stroessner (1954-1989) durante un acto junto al mandatario de Paraguay, Mario Abdo Ben\u00edtez. Bolsonaro y Ben\u00edtez, hijo del secretario personal de Stroessner, compartieron un acto en la represa de Itaip\u00fa fundada en 1974 por el exdictador y compartida por Brasil y Paraguay. Adem\u00e1s tuvieron una bilateral que dur\u00f3 poco m\u00e1s de media hora y fue el inicio de una reuni\u00f3n que continuar\u00e1 el 12 de marzo en Brasilia donde los mandatarios abordar\u00e1n la renegociaci\u00f3n del Tratado de Itaip\u00fa. La breve reuni\u00f3n alcanz\u00f3 sin embargo para que Bolsonaro celebrara la gesti\u00f3n del exdictador Stroessner y su par brasile\u00f1o Humberto de Alencar Castelo Branco. \u201cQuiero celebrar a aquellos que realmente fueron responsables de la construcci\u00f3n de la represa. Y en particular quiero rendir mi homenaje al general Alfredo Stroessner, un estadista que sab\u00eda perfectamente lo que quer\u00eda para Paraguay\u201d, alab\u00f3 el mandatario minutos despu\u00e9s de la toma de posesi\u00f3n del nuevo director de la parte brasile\u00f1a de Itaip\u00fa, Joaquim Silva e Luna.<\/p>\n<p>El mandatario brasile\u00f1o tambi\u00e9n se refiri\u00f3 al giro a la derecha que atraviesa el continente americano luego de los \u00faltimos procesos electorales y areng\u00f3: \u201cIzquierda nunca m\u00e1s\u201d. A diferencia de Ben\u00edtez, Bolsonaro ofreci\u00f3 una conferencia de prensa luego del evento en la que agreg\u00f3 que con su hom\u00f3logo hablaron sobre el combate al crimen organizado en la Triple Frontera y sobre distintas formas de administrar energ\u00eda. \u201cCualquier problema del pasado quedar\u00e1 superado en las futuras negociaciones sobre la represa\u201d, consider\u00f3 Bolsonaro y luego se refiri\u00f3 a su par como un \u201cconservador que quiere bien a su pa\u00eds\u201d.<\/p>\n<p>Leonardo Rub\u00edn, ex candidato a la vicepresidencia de Paraguay, fue una de las voces de izquierda que arremeti\u00f3 contra Bolsonaro y ayer dijo: \u201c\u00bfA qui\u00e9n le sorprende que Bolsonaro reivindique a Stroessner en un acto en Itaip\u00fa? El que subordin\u00f3 nuestros intereses al Brasil en un tratado injusto que hasta hoy seguimos pagando, pr\u00e1cticamente\u00a0 regalando nuestra energ\u00eda sin poder venderla mejor. Claro que lo va a reivindicar\u201d.<\/p>\n<p>Paraguay y Brasil tienen pendiente renegociar en 2023 el Tratado de Itaip\u00fa y, en particular, el anexo C de ese documento para decidir qu\u00e9 har\u00e1n con el 50 por ciento de la energ\u00eda generada por la presa que le corresponde a Paraguay y cuyos excedentes, hasta ese a\u00f1o, debe venderlos al pa\u00eds vecino a precio de costo. Al fin de la reuni\u00f3n, Ben\u00edtez urgi\u00f3 a su hom\u00f3logo a acelerar los pasos previos: \u201cParaguayos y brasile\u00f1os tenemos por delante un importante desaf\u00edo (&#8230;) la revisi\u00f3n de las bases financieras y prestaci\u00f3n de servicios de la entidad, cuyo plazo de negociaci\u00f3n es inminente\u201d, dijo Ben\u00edtez y agreg\u00f3 que por ello es prioridad agilizar las consultas y estudios t\u00e9cnicos necesarios para satisfacer las aspiraciones de ambos pa\u00edses. Adem\u00e1s aludi\u00f3 a la construcci\u00f3n de dos nuevos puentes internacionales entre los dos pa\u00edses, un acuerdo que ya firm\u00f3 con el expresidente brasile\u00f1o Michel Temer y que deber\u00e1 revalidar con Bolsonaro. El mandatario paraguayo a\u00f1adi\u00f3 adem\u00e1s que las negociaciones en el \u00e1mbito de las relaciones internacionales deben estar sustentadas por principios y no solo por intereses. \u201cEsto permitir\u00e1 trabajar con un esquema en el que todas las necesidades est\u00e9n contempladas en igualdad de condiciones\u201d, resalt\u00f3.<\/p>\n<p>La declaraci\u00f3n conjunta entre Ben\u00edtez y Bolsonaro se produjo solo ante los invitados al acto, sin la presencia de prensa, a la que la organizaci\u00f3n mantuvo en una sala contigua desde la que se retransmiti\u00f3 el acto a trav\u00e9s de una pantalla. Este fue el primer encuentro entre los dos jefes de Estado, aunque ya hab\u00edan coincidido en Brasilia el pasado 1 de enero, durante la toma de mando de Bolsonaro. No obstante, es la segunda reuni\u00f3n de Ben\u00edtez con un presidente brasile\u00f1o en poco m\u00e1s de dos meses, ya que el 21 de diciembre del a\u00f1o pasado visit\u00f3 Itaip\u00fa, donde firm\u00f3 con Temer el acuerdo sobre los puentes. Los dos gobiernos tambi\u00e9n est\u00e1n a la espera de resolver el pedido de Paraguay a Brasil para que revoque el estatus de refugiados pol\u00edticos a tres activistas de izquierdas, procesados en el pa\u00eds suramericano por el presunto secuestro en 2001 de la nuera del exministro de Hacienda, Enzo Debernardi.<\/p>\n","protected":false},"excerpt":{"rendered":"<p>El presidente de Brasil homenaje\u00f3 ayer al ex dictador en la represa fundada por \u00e9ste en 1974. El mandatario paraguayo es hijo del secretario personal de Stroessner. La reuni\u00f3n bilateral dur\u00f3 poco m\u00e1s de media hora &nbsp; &nbsp; &nbsp; El presidente de Brasil, Jair Bolsonaro, homenaje\u00f3 ayer al exdictador paraguayo Alfredo Stroessner (1954-1989) durante un acto junto al mandatario de Paraguay, Mario Abdo Ben\u00edtez. Bolsonaro y Ben\u00edtez, hijo del secretario personal de Stroessner, compartieron un acto en la represa de Itaip\u00fa fundada en 1974 por el exdictador y compartida por&#8230;<\/p>\n","protected":false},"author":3,"featured_media":41063,"comment_status":"closed","ping_status":"closed","sticky":false,"template":"","format":"standard","meta":[],"categories":[4],"tags":[],"_links":{"self":[{"href":"https:\/\/www.actualidadadiario.com\/index.php\/wp-json\/wp\/v2\/posts\/41062"}],"collection":[{"href":"https:\/\/www.actualidadadiario.com\/index.php\/wp-json\/wp\/v2\/posts"}],"about":[{"href":"https:\/\/www.actualidadadiario.com\/index.php\/wp-json\/wp\/v2\/types\/post"}],"author":[{"embeddable":true,"href":"https:\/\/www.actualidadadiario.com\/index.php\/wp-json\/wp\/v2\/users\/3"}],"replies":[{"embeddable":true,"href":"https:\/\/www.actualidadadiario.com\/index.php\/wp-json\/wp\/v2\/comments?post=41062"}],"version-history":[{"count":1,"href":"https:\/\/www.actualidadadiario.com\/index.php\/wp-json\/wp\/v2\/posts\/41062\/revisions"}],"predecessor-version":[{"id":41064,"href":"https:\/\/www.actualidadadiario.com\/index.php\/wp-json\/wp\/v2\/posts\/41062\/revisions\/41064"}],"wp:featuredmedia":[{"embeddable":true,"href":"https:\/\/www.actualidadadiario.com\/index.php\/wp-json\/wp\/v2\/media\/41063"}],"wp:attachment":[{"href":"https:\/\/www.actualidadadiario.com\/index.php\/wp-json\/wp\/v2\/media?parent=41062"}],"wp:term":[{"taxonomy":"category","embeddable":true,"href":"https:\/\/www.actualidadadiario.com\/index.php\/wp-json\/wp\/v2\/categories?post=41062"},{"taxonomy":"post_tag","embeddable":true,"href":"https:\/\/www.actualidadadiario.com\/index.php\/wp-json\/wp\/v2\/tags?post=41062"}],"curies":[{"name":"wp","href":"https:\/\/api.w.org\/{rel}","templated":true}]}}