{"id":4106,"date":"2016-11-08T10:15:45","date_gmt":"2016-11-08T13:15:45","guid":{"rendered":"http:\/\/actualidadadiario.com\/site\/?p=4106"},"modified":"2016-11-08T10:15:45","modified_gmt":"2016-11-08T13:15:45","slug":"sera-obligatorio-llevar-dni-para-viajar-en-micro","status":"publish","type":"post","link":"https:\/\/www.actualidadadiario.com\/index.php\/2016\/11\/08\/sera-obligatorio-llevar-dni-para-viajar-en-micro\/","title":{"rendered":"Ser\u00e1 obligatorio llevar DNI para viajar en micro"},"content":{"rendered":"<p><em><strong>El Ministerio de Transporte emiti\u00f3 una resoluci\u00f3n por la cual, dentro de un mes, los pasajeros deber\u00e1n portar DNI, c\u00e9dula o pasaporte para poder viajar en micros de larga distancia<\/strong><\/em><\/p>\n<p>&nbsp;<\/p>\n<p>&nbsp;<\/p>\n<p>&nbsp;<\/p>\n<p>&nbsp;<\/p>\n<p>&nbsp;<\/p>\n<p>&nbsp;<\/p>\n<p>Luego de que el 21 de enero de 2016 se dictara el Decreto N\u00ba 228 por el que el Poder Ejecutivo Nacional declar\u00f3 la Emergencia de Seguridad P\u00fablica, ahora y seg\u00fan expresa el documento oficial con el objetivo de combatir &#8220;la problem\u00e1tica del narcotr\u00e1fico&#8221;, que &#8220;no s\u00f3lo afecta a la salud y la seguridad ciudadana, sino que importa una violaci\u00f3n a la soberan\u00eda nacional&#8221;, es que se implementar\u00e1 la medida, publicada este martes en el Bolet\u00edn Oficial.<\/p>\n<p>&nbsp;<\/p>\n<p>En este marco de un &#8220;estado de emergencia en seguridad&#8221; y ante &#8220;la realidad del delito&#8221; que &#8220;encontr\u00f3 al Estado sin capacidad de dar respuesta satisfactoria a las demandas sociales de mayor seguridad&#8221;, es que el Ejecutivo acaba de tomar la decisi\u00f3n de hacer obligatoria la portaci\u00f3n del Documento Nacional de Identidad u identificaci\u00f3n correspondiente en los micros de larga distancia.<\/p>\n<p>&nbsp;<\/p>\n<p>Seg\u00fan el comunicado qued\u00f3 aprobado este martes el &#8220;R\u00e9gimen de Control de Identificaci\u00f3n de Pasajeros&#8221; en los servicios de transporte de car\u00e1cter interjurisdireccional. La resoluci\u00f3n entrar\u00e1 en vigencia a los treinta (30) d\u00edas corridos desde hoy martes 8 de noviembre.<\/p>\n<p>&nbsp;<\/p>\n<p>El r\u00e9gimen resultar\u00e1 aplicable a los servicios p\u00fablicos de transporte de pasajeros por automotor de car\u00e1cter interjurisdiccional, a los servicios autorizados de Tr\u00e1ficos Libres, a los servicios Ejecutivos y a los servicios de transporte para el Turismo.<\/p>\n<p>&nbsp;<\/p>\n<p>Los operadores de tales servicios de transporte, deber\u00e1n confeccionar un listado de pasajeros en el que se consignen los datos obtenidos mediante el uso del Sistema Inform\u00e1tico de Expendio de Pasajes.<\/p>\n<p>&nbsp;<\/p>\n<p>Los usuarios de los servicios alcanzados por el presente r\u00e9gimen deber\u00e1n portar documento nacional de identidad, c\u00e9dula de identidad o pasaporte, a fin de acreditar su identidad para el uso del servicio de transporte; el mismo deber\u00e1 coincidir con el denunciado al momento de la compra o reserva del boleto o de la contrataci\u00f3n de la programaci\u00f3n tur\u00edstica y encontrarse en poder del pasajero durante todo el tiempo insumido en su traslado.<\/p>\n<p>&nbsp;<\/p>\n<p>En caso de presentarse un pasajero que no portase el documento de identidad correspondiente, el mismo no podr\u00e1 abordar el servicio, salvo el supuesto en que el usuario acreditare haber formulado la correspondiente denuncia o exposici\u00f3n de extrav\u00edo, robo o hurto de la documentaci\u00f3n requerida para abordar el servicio y contare con el correspondiente certificado de documento en tr\u00e1mite.<\/p>\n","protected":false},"excerpt":{"rendered":"<p>El Ministerio de Transporte emiti\u00f3 una resoluci\u00f3n por la cual, dentro de un mes, los pasajeros deber\u00e1n portar DNI, c\u00e9dula o pasaporte para poder viajar en micros de larga distancia &nbsp; &nbsp; &nbsp; &nbsp; &nbsp; &nbsp; Luego de que el 21 de enero de 2016 se dictara el Decreto N\u00ba 228 por el que el Poder Ejecutivo Nacional declar\u00f3 la Emergencia de Seguridad P\u00fablica, ahora y seg\u00fan expresa el documento oficial con el objetivo de combatir &#8220;la problem\u00e1tica del narcotr\u00e1fico&#8221;, que &#8220;no s\u00f3lo afecta a la salud y la seguridad&#8230;<\/p>\n","protected":false},"author":3,"featured_media":4107,"comment_status":"closed","ping_status":"closed","sticky":false,"template":"","format":"standard","meta":[],"categories":[2],"tags":[],"_links":{"self":[{"href":"https:\/\/www.actualidadadiario.com\/index.php\/wp-json\/wp\/v2\/posts\/4106"}],"collection":[{"href":"https:\/\/www.actualidadadiario.com\/index.php\/wp-json\/wp\/v2\/posts"}],"about":[{"href":"https:\/\/www.actualidadadiario.com\/index.php\/wp-json\/wp\/v2\/types\/post"}],"author":[{"embeddable":true,"href":"https:\/\/www.actualidadadiario.com\/index.php\/wp-json\/wp\/v2\/users\/3"}],"replies":[{"embeddable":true,"href":"https:\/\/www.actualidadadiario.com\/index.php\/wp-json\/wp\/v2\/comments?post=4106"}],"version-history":[{"count":1,"href":"https:\/\/www.actualidadadiario.com\/index.php\/wp-json\/wp\/v2\/posts\/4106\/revisions"}],"predecessor-version":[{"id":4108,"href":"https:\/\/www.actualidadadiario.com\/index.php\/wp-json\/wp\/v2\/posts\/4106\/revisions\/4108"}],"wp:featuredmedia":[{"embeddable":true,"href":"https:\/\/www.actualidadadiario.com\/index.php\/wp-json\/wp\/v2\/media\/4107"}],"wp:attachment":[{"href":"https:\/\/www.actualidadadiario.com\/index.php\/wp-json\/wp\/v2\/media?parent=4106"}],"wp:term":[{"taxonomy":"category","embeddable":true,"href":"https:\/\/www.actualidadadiario.com\/index.php\/wp-json\/wp\/v2\/categories?post=4106"},{"taxonomy":"post_tag","embeddable":true,"href":"https:\/\/www.actualidadadiario.com\/index.php\/wp-json\/wp\/v2\/tags?post=4106"}],"curies":[{"name":"wp","href":"https:\/\/api.w.org\/{rel}","templated":true}]}}