{"id":41045,"date":"2019-02-27T13:03:39","date_gmt":"2019-02-27T16:03:39","guid":{"rendered":"https:\/\/www.actualidadadiario.com\/?p=41045"},"modified":"2019-05-06T20:54:32","modified_gmt":"2019-05-06T23:54:32","slug":"el-senado-renueva-autoridades-y-pichetto-bate-records","status":"publish","type":"post","link":"https:\/\/www.actualidadadiario.com\/index.php\/2019\/02\/27\/el-senado-renueva-autoridades-y-pichetto-bate-records\/","title":{"rendered":"El Senado renueva autoridades y Pichetto bate r\u00e9cords"},"content":{"rendered":"<p><em><strong>El rionegrino iniciar\u00e1 de este modo su decimos\u00e9ptimo mandato al frente del Bloque Justicialista en la C\u00e1mara Alta<\/strong><\/em><\/p>\n<p>&nbsp;<\/p>\n<p>&nbsp;<\/p>\n<p>&nbsp;<\/p>\n<p>El Senado realizar\u00e1 este mi\u00e9rcoles su elecci\u00f3n de autoridades y el radicalismo est\u00e1 dispuesto a sostener al pampeano Juan Carlos Marino como vicepresidente primero de la C\u00e1mara a pesar de la denuncia por abuso sexual en su contra. Adem\u00e1s, Miguel \u00c1ngel Pichetto ser\u00e1 reelecto por un nuevo per\u00edodo como presidente del Bloque Justicialista del Senado, algo que representa un r\u00e9cord, dado que ser\u00e1 su decimos\u00e9ptimo mandato al frente del PJ.<\/p>\n<p>En ese marco, y con la marca que logra de este modo el rionegrino al lograr un este nuevo mandato, ya que ning\u00fan dirigente justicialista condujo durante tanto tiempo un bloque legislativo nacional, la c\u00fapula del principal bloque peronista del Senado quedar\u00e1 conformada con Carlos Caserio, del PJ cordob\u00e9s, y Jos\u00e9 Mayans, por Formosa.<\/p>\n<p>La C\u00e1mara alta realizar\u00e1 su sesi\u00f3n preparatoria a las 17 para renovar o ratificar a todas las autoridades, pero a las 15:30 el interbloque de Cambiemos se reunir\u00e1 para definir los nombres que propondr\u00e1 para cada uno de los cargos que le corresponde, seg\u00fan consign\u00f3 la agencia Noticias Argentinas.<\/p>\n<p>En la bancada oficialista ya est\u00e1 decidido ratificar como presidente provisional del Senado al porte\u00f1o Federico Pinedo (PRO), pero en la reuni\u00f3n el tema a definir ser\u00e1 la continuidad o no de Marino como vicepresidente primero, cargo que el senador pampeano quiere retener. As\u00ed lo indicaron fuentes de la UCR.<\/p>\n<p>&nbsp;<\/p>\n<p><strong>Pol\u00e9mica<\/strong><\/p>\n<p>Juan Carlos Marino se vio envuelto en un esc\u00e1ndalo a fines de 2018, luego de que Mar\u00eda Claudia Guebel, una empleada de carrera del Congreso y militante radical, lo denunciara por abuso sexual, una acusaci\u00f3n que en las filas de la UCR ya se animan a considerar falsa.<\/p>\n<p>Guebel, quien se desempe\u00f1aba como asesora del legislador, en diciembre denunci\u00f3 que el \u00e9ste la acos\u00f3 v\u00eda mensajes de WhatsApp y le toc\u00f3 los pechos en su oficina. En su declaraci\u00f3n explic\u00f3 que al mes de empezar a trabajar con Marino, comenz\u00f3 a recibir mensajes en su tel\u00e9fono desde el celular de \u00e9l y que all\u00ed le preguntaba: \u201c\u00bfD\u00f3nde est\u00e1s?\u201d \u201cDonde viv\u00eds?\u201d \u201cVoy a estar por all\u00e1. Me doy una vuelta\u201d \u201cPreparate, que voy a tu casa&#8221;.<\/p>\n<p>Asimismo relat\u00f3 que en una ocasi\u00f3n Marino la \u201chizo pasar a su oficina donde se encontraban varias asistentes que al notar mi presencia autom\u00e1ticamente salieron del despacho. Una vez que nos encontramos solos directamente me toc\u00f3 los pechos, y me pregunt\u00f3 cu\u00e1ndo \u00edbamos a tomar un caf\u00e9, me dijo que aguardara su llamado que en cualquier momento nos ve\u00edamos\u201d.<\/p>\n<p>Hasta el momento, en el bloque que encabeza Pichetto (que tambi\u00e9n tendr\u00e1 su reuni\u00f3n previa a la sesi\u00f3n, a las 14:30) no tienen definido si respaldar\u00e1n o no la propuesta de Cambiemos en caso de que ratifiquen a Marino, sino que esperar\u00e1n a ver las reacciones frente a esa posibilidad.<\/p>\n","protected":false},"excerpt":{"rendered":"<p>El rionegrino iniciar\u00e1 de este modo su decimos\u00e9ptimo mandato al frente del Bloque Justicialista en la C\u00e1mara Alta &nbsp; &nbsp; &nbsp; El Senado realizar\u00e1 este mi\u00e9rcoles su elecci\u00f3n de autoridades y el radicalismo est\u00e1 dispuesto a sostener al pampeano Juan Carlos Marino como vicepresidente primero de la C\u00e1mara a pesar de la denuncia por abuso sexual en su contra. Adem\u00e1s, Miguel \u00c1ngel Pichetto ser\u00e1 reelecto por un nuevo per\u00edodo como presidente del Bloque Justicialista del Senado, algo que representa un r\u00e9cord, dado que ser\u00e1 su decimos\u00e9ptimo mandato al frente del&#8230;<\/p>\n","protected":false},"author":3,"featured_media":41046,"comment_status":"closed","ping_status":"closed","sticky":false,"template":"","format":"standard","meta":[],"categories":[18],"tags":[],"_links":{"self":[{"href":"https:\/\/www.actualidadadiario.com\/index.php\/wp-json\/wp\/v2\/posts\/41045"}],"collection":[{"href":"https:\/\/www.actualidadadiario.com\/index.php\/wp-json\/wp\/v2\/posts"}],"about":[{"href":"https:\/\/www.actualidadadiario.com\/index.php\/wp-json\/wp\/v2\/types\/post"}],"author":[{"embeddable":true,"href":"https:\/\/www.actualidadadiario.com\/index.php\/wp-json\/wp\/v2\/users\/3"}],"replies":[{"embeddable":true,"href":"https:\/\/www.actualidadadiario.com\/index.php\/wp-json\/wp\/v2\/comments?post=41045"}],"version-history":[{"count":1,"href":"https:\/\/www.actualidadadiario.com\/index.php\/wp-json\/wp\/v2\/posts\/41045\/revisions"}],"predecessor-version":[{"id":41047,"href":"https:\/\/www.actualidadadiario.com\/index.php\/wp-json\/wp\/v2\/posts\/41045\/revisions\/41047"}],"wp:featuredmedia":[{"embeddable":true,"href":"https:\/\/www.actualidadadiario.com\/index.php\/wp-json\/wp\/v2\/media\/41046"}],"wp:attachment":[{"href":"https:\/\/www.actualidadadiario.com\/index.php\/wp-json\/wp\/v2\/media?parent=41045"}],"wp:term":[{"taxonomy":"category","embeddable":true,"href":"https:\/\/www.actualidadadiario.com\/index.php\/wp-json\/wp\/v2\/categories?post=41045"},{"taxonomy":"post_tag","embeddable":true,"href":"https:\/\/www.actualidadadiario.com\/index.php\/wp-json\/wp\/v2\/tags?post=41045"}],"curies":[{"name":"wp","href":"https:\/\/api.w.org\/{rel}","templated":true}]}}